{"id":1002,"date":"2019-10-30T10:36:11","date_gmt":"2019-10-30T13:36:11","guid":{"rendered":"http:\/\/www.llamadaip.com\/blog\/?p=1002"},"modified":"2020-02-11T11:32:24","modified_gmt":"2020-02-11T14:32:24","slug":"nacho-ribeiro-fue-nombrado-vicepresidente-de-telefonia-ip-en-cabase","status":"publish","type":"post","link":"https:\/\/www.llamadaip.com\/blog\/2019\/10\/30\/nacho-ribeiro-fue-nombrado-vicepresidente-de-telefonia-ip-en-cabase\/","title":{"rendered":"Nacho Ribeiro fue nombrado Vicepresidente de Telefon\u00eda IP en CABASE"},"content":{"rendered":"<h3><span style=\"color: #ff9200;\">El pasado 29 de octubre se realiz\u00f3 la Asamblea de la C\u00e1mara Argentina de Internet, en la que se anunciaron nuevos cargos con el objetivo de representar a todos los sectores de la industria.<br \/>\n<\/span><\/h3>\n<p>Tenemos el agrado de comunicarles que Nacho Ribeiro, CEO de Llamada IP, ser\u00e1 el nuevo Vicepresidente de Telefon\u00eda de la C\u00e1mara Argentina de Internet (CABASE). Desde Llamada IP, y junto a otros actores relevantes de la industria, seguimos abriendo caminos para avanzar y creemos que, desde este nuevo espacio, podremos seguir sumando fuerzas para evolucionar y brindar una mejor telefon\u00eda para todos.<\/p>\n<p>Esta noticia se enmarca en la Asamblea General ordinaria y extraordinaria realizada el pasado 29 de octubre. Junto a este nombramiento, se anunciaron otros que persiguen el objetivo de representar todos los sectores de la industria: la <a href=\"https:\/\/www.cabase.org.ar\/comision-de-telefonia-ip\/\" target=\"_blank\" rel=\"noopener\">telefon\u00eda IP<\/a>, Internet de las Cosas (IoT), entre otras.<\/p>\n<p>Estamos felices de seguir creciendo y afrontando nuevos desaf\u00edos.<\/p>\n<p><strong>NOTAS RELACIONADAS<br \/>\n<\/strong><a href=\"https:\/\/www.llamadaip.com\/blog\/2017\/04\/20\/somos-socios-activos-de-cabase\/\" target=\"_blank\" rel=\"noopener\">\u00a1Somos socios activos de CABASE!<\/a><br \/>\n<a href=\"https:\/\/www.llamadaip.com\/blog\/2019\/09\/05\/estuvimos-presentes-en-los-30-anos-de-cabase\/\" target=\"_blank\" rel=\"noopener\">Estuvimos presentes en los 30 a\u00f1os de CABASE<\/a><br \/>\n<a href=\"https:\/\/www.llamadaip.com\/blog\/2018\/09\/15\/el-mapa-del-punto-de-interconexion-tel-xp-de-cabase\/\" target=\"_blank\" rel=\"noopener\">El mapa del Punto de Interconexi\u00f3n TEL XP de CABASE<\/a><\/p>\n","protected":false},"excerpt":{"rendered":"<p>El pasado 29 de octubre se realiz\u00f3 la Asamblea de la C\u00e1mara Argentina de Internet, en la que se anunciaron nuevos cargos con el objetivo de representar a todos los sectores de la industria. Tenemos el agrado de comunicarles que Nacho Ribeiro, CEO de Llamada IP, ser\u00e1 el nuevo Vicepresidente de Telefon\u00eda de la C\u00e1mara &hellip; <a href=\"https:\/\/www.llamadaip.com\/blog\/2019\/10\/30\/nacho-ribeiro-fue-nombrado-vicepresidente-de-telefonia-ip-en-cabase\/\" class=\"more-link\">Continuar leyendo<span class=\"screen-reader-text\"> &#8220;Nacho Ribeiro fue nombrado Vicepresidente de Telefon\u00eda IP en CABASE&#8221;<\/span><\/a><\/p>\n","protected":false},"author":1,"featured_media":1008,"comment_status":"closed","ping_status":"closed","sticky":false,"template":"","format":"standard","meta":{"footnotes":""},"categories":[90],"tags":[9,13,11,6,10,14,12],"class_list":["post-1002","post","type-post","status-publish","format-standard","has-post-thumbnail","hentry","category-llamadaip-com","tag-comunicacion","tag-conferencia","tag-global","tag-llamado","tag-mensaje","tag-pyme","tag-telefono"],"_links":{"self":[{"href":"https:\/\/www.llamadaip.com\/blog\/wp-json\/wp\/v2\/posts\/1002","targetHints":{"allow":["GET"]}}],"collection":[{"href":"https:\/\/www.llamadaip.com\/blog\/wp-json\/wp\/v2\/posts"}],"about":[{"href":"https:\/\/www.llamadaip.com\/blog\/wp-json\/wp\/v2\/types\/post"}],"author":[{"embeddable":true,"href":"https:\/\/www.llamadaip.com\/blog\/wp-json\/wp\/v2\/users\/1"}],"replies":[{"embeddable":true,"href":"https:\/\/www.llamadaip.com\/blog\/wp-json\/wp\/v2\/comments?post=1002"}],"version-history":[{"count":2,"href":"https:\/\/www.llamadaip.com\/blog\/wp-json\/wp\/v2\/posts\/1002\/revisions"}],"predecessor-version":[{"id":1010,"href":"https:\/\/www.llamadaip.com\/blog\/wp-json\/wp\/v2\/posts\/1002\/revisions\/1010"}],"wp:featuredmedia":[{"embeddable":true,"href":"https:\/\/www.llamadaip.com\/blog\/wp-json\/wp\/v2\/media\/1008"}],"wp:attachment":[{"href":"https:\/\/www.llamadaip.com\/blog\/wp-json\/wp\/v2\/media?parent=1002"}],"wp:term":[{"taxonomy":"category","embeddable":true,"href":"https:\/\/www.llamadaip.com\/blog\/wp-json\/wp\/v2\/categories?post=1002"},{"taxonomy":"post_tag","embeddable":true,"href":"https:\/\/www.llamadaip.com\/blog\/wp-json\/wp\/v2\/tags?post=1002"}],"curies":[{"name":"wp","href":"https:\/\/api.w.org\/{rel}","templated":true}]}}