{"id":117,"date":"2018-04-24T19:51:53","date_gmt":"2018-04-24T22:51:53","guid":{"rendered":"http:\/\/www.llamadaip.com\/blog\/?p=2684"},"modified":"2020-02-11T11:17:05","modified_gmt":"2020-02-11T14:17:05","slug":"cambia-de-operador-sin-perder-el-numero-fijo","status":"publish","type":"post","link":"https:\/\/www.llamadaip.com\/blog\/2018\/04\/24\/cambia-de-operador-sin-perder-el-numero-fijo\/","title":{"rendered":"Cambi\u00e1 de operador sin perder el n\u00famero fijo"},"content":{"rendered":"<h3><span style=\"font-weight: 400; color: #ff9200;\">El Ministerio de Modernizaci\u00f3n emiti\u00f3 una nueva resoluci\u00f3n para mejorar las condiciones de la actual portabilidad en m\u00f3viles, y para confirmar la portabilidad en fijos a partir de Julio de este a\u00f1o. Te contamos todos los detalles de esta novedad.<\/span><\/h3>\n<p>En octubre de 2017 te contamos sobre la presentaci\u00f3n del proyecto para la<a href=\"https:\/\/www.llamadaip.com\/blog\/2017\/10\/10\/portabilidad-numerica-ahora-en-la-telefonia-fija\/\" target=\"_blank\"><span style=\"font-weight: 400;\"> portabilidad en l\u00edneas fijas<\/span><\/a><span style=\"font-weight: 400;\">. Luego de unos meses, y muchos debates, se resolvi\u00f3 avanzar en esta nueva etapa de la portabilidad y mejorar la ya implementada en m\u00f3viles. Se trata de la<\/span><b> resoluci\u00f3n 203\/2018<\/b>.<\/p>\n<p><span style=\"font-weight: 400;\">Esta nueva iniciativa tiene un doble objetivo. En primer lugar, mejorar la actual portabilidad en m\u00f3viles para garantizar el tr\u00e1mite simple a todos los interesados. En segundo lugar, avanzar con la portabilidad en fijos a partir de julio de 2018. <\/span><\/p>\n<p><span style=\"font-weight: 400;\">Estas acciones son importantes porque cada usuario debe tener el derecho de elegir qu\u00e9 servicio contratar y a qu\u00e9 operador de telefon\u00eda sin perder la numeraci\u00f3n que tiene asignada. \u00a0<\/span><\/p>\n<p><span style=\"font-weight: 400;\">En el \u00e1rea de m\u00f3viles, hace 4 a\u00f1os que los usuarios cuentan con el derecho a la portabilidad. La nueva resoluci\u00f3n dispone que el tr\u00e1mite no puede demorar m\u00e1s de (1) un d\u00eda h\u00e1bil y debe poder hacerse v\u00eda online de forma simple. Adem\u00e1s, como consecuencia de este tr\u00e1mite, el servicio no puede estar interrumpido m\u00e1s de 3 horas; y el usuario puede portar su n\u00famero cuantas veces quiera con un periodo m\u00ednimo de permanencia de treinta (30) d\u00edas. <\/span><b>Seg\u00fan los datos oficiales, 120.000 n\u00fameros m\u00f3viles cambian de compa\u00f1\u00eda mensualmente. <\/b><b><\/b><\/p>\n<p><span style=\"font-weight: 400;\">La nueva resoluci\u00f3n de portabilidad aplica tanto a m\u00f3viles como a telefon\u00eda fija (SBT). En este \u00faltimo caso, se contempla un tiempo de gesti\u00f3n del tr\u00e1mite de (5) d\u00edas h\u00e1biles para numeraci\u00f3n tanto geogr\u00e1fica y no geogr\u00e1fica. A partir de esta iniciativa, todos podr\u00e1n cambiar de empresa prestadora de servicios, o mudarse de localidad o provincia sin perder el n\u00famero que tenga asignado.<\/span><\/p>\n<p><span style=\"font-weight: 400;\">Tambi\u00e9n se define en dicho reglamento la creaci\u00f3n de una \u00fanica base de datos administrada por un tercero. Adem\u00e1s, se establece que las Cooperativas no est\u00e1n obligadas a recibir clientes nuevos pero si a ceder aquellos que quieran portar a otras empresas. <\/span><\/p>\n<p><span style=\"font-weight: 400;\">Seg\u00fan la resoluci\u00f3n, los prestadores se har\u00e1n cargo de la inversi\u00f3n y se crear\u00e1n un <\/span><b>Comit\u00e9 de Portabilidad Num\u00e9rica<\/b><span style=\"font-weight: 400;\">, integrado por dos representantes, uno titular y otro suplente, de cada prestador del servicio.<\/span><\/p>\n<p><span style=\"font-weight: 400;\">La portabilidad se implementar\u00e1 en 4 etapas. AMBA, C\u00f3rdoba, Mendoza, Rosario y La Plata a partir de julio de 2018. En diciembre de ese mismo a\u00f1o, se \u00a0a\u00f1o llegar\u00e1 a capitales de provincias no incluidas en la primera etapa, Bah\u00eda Blanca y R\u00edo Cuarto. A partir de julio de 2019, arranca la tercera etapa en localidades con m\u00e1s de 100.000 habitantes que no est\u00e9n abarcadas por las dos primeras etapas y en aquellas de menos de esa cantidad de habitantes donde el servicio b\u00e1sico sea provisto por dos o m\u00e1s empresas. Y desde el 3 de diciembre de igual a\u00f1o, en lugares con menos de 100.000 habitantes con un servicio provisto por un \u00fanico prestador.<\/span><\/p>\n<p><span style=\"font-weight: 400;\">Esta noticia es clave porque es la garant\u00eda a los usuarios de poder elegir libremente el servicio que desean utilizar. M\u00e1s all\u00e1 del prestador, hoy existen nuevas maneras de comunicarnos, modernas y eficientes, que le permiten a las personas bajar los costos de la telefon\u00eda. Celebramos esta apertura que traer\u00e1 nuevas oportunidades para todos el mercado. <\/span><\/p>\n<p><strong>Notas relacionadas<br \/>\n<\/strong><a href=\"https:\/\/www.llamadaip.com\/blog\/2017\/12\/16\/ganale-tiempo-a-la-portabilidad-numerica-2\/\" target=\"_blank\"><span style=\"font-weight: 400;\">Ganale tiempo a la portabilidad num\u00e9rica<br \/>\n<\/span><\/a><a href=\"https:\/\/www.llamadaip.com\/blog\/2017\/03\/24\/portabilidad-numerica-tramite-por-internet-y-mas-rapido\/\" target=\"_blank\"><span style=\"font-weight: 400;\">Portabilidad num\u00e9rica: tr\u00e1mite por Internet y m\u00e1s r\u00e1pido<br \/>\n<\/span><\/a><a href=\"https:\/\/www.llamadaip.com\/blog\/2016\/08\/31\/avances-y-novedades-en-la-portabilidad-numerica\/\" target=\"_blank\"><span style=\"font-weight: 400;\">Avances y novedades en la portabilidad num\u00e9rica<\/span><\/a><\/p>\n<p><span style=\"font-weight: 400;\">Noticia en otros medios<br \/>\n<\/span><a href=\"http:\/\/www.iprofesional.com\/notas\/256579-celulares-telefonica-telefonia-telecomunicaciones-portabilidad-comercio-actividad-Amplian-la-portabilidad-numerica-ahora-tambien-se-podra-mantener-la-linea-fija-y-cambiar-de-operador?page_y=0\" target=\"_blank\"><span style=\"font-weight: 400;\">iProfesional, Ampl\u00edan la portabilidad num\u00e9rica: ahora tambi\u00e9n se podr\u00e1 mantener la l\u00ednea fija y cambiar de operador<br \/>\n<\/span><\/a><a href=\"https:\/\/www.clarin.com\/sociedad\/portabilidad-numerica-rapida-limites-ampliara-lineas-fijas_0_SJJPrHlig.html\" target=\"_blank\"><span style=\"font-weight: 400;\">Clar\u00edn, Portabilidad num\u00e9rica: ser\u00e1 m\u00e1s r\u00e1pida, sin l\u00edmites y se ampliar\u00e1 a l\u00edneas fijas<br \/>\n<\/span><\/a><a href=\"https:\/\/www.clarin.com\/sociedad\/telefono-fijo-podra-mantener-numero-mudarse-cambiar-empresa_0_BJo9HrUhf.html\" target=\"_blank\"><span style=\"font-weight: 400;\">Clarin, Tel\u00e9fono fijo: se podr\u00e1 mantener el n\u00famero al cambiar de empresa<\/span><\/a><\/p>\n","protected":false},"excerpt":{"rendered":"<p>El Ministerio de Modernizaci\u00f3n emiti\u00f3 una nueva resoluci\u00f3n para mejorar las condiciones de la actual portabilidad en m\u00f3viles, y para confirmar la portabilidad en fijos a partir de Julio de este a\u00f1o. Te contamos todos los detalles de esta novedad. En octubre de 2017 te contamos sobre la presentaci\u00f3n del proyecto para la portabilidad en &hellip; <a href=\"https:\/\/www.llamadaip.com\/blog\/2018\/04\/24\/cambia-de-operador-sin-perder-el-numero-fijo\/\" class=\"more-link\">Continuar leyendo<span class=\"screen-reader-text\"> &#8220;Cambi\u00e1 de operador sin perder el n\u00famero fijo&#8221;<\/span><\/a><\/p>\n","protected":false},"author":1,"featured_media":118,"comment_status":"closed","ping_status":"open","sticky":false,"template":"","format":"standard","meta":{"footnotes":""},"categories":[90],"tags":[9,13,11,6,10,14,12],"class_list":["post-117","post","type-post","status-publish","format-standard","has-post-thumbnail","hentry","category-llamadaip-com","tag-comunicacion","tag-conferencia","tag-global","tag-llamado","tag-mensaje","tag-pyme","tag-telefono"],"_links":{"self":[{"href":"https:\/\/www.llamadaip.com\/blog\/wp-json\/wp\/v2\/posts\/117","targetHints":{"allow":["GET"]}}],"collection":[{"href":"https:\/\/www.llamadaip.com\/blog\/wp-json\/wp\/v2\/posts"}],"about":[{"href":"https:\/\/www.llamadaip.com\/blog\/wp-json\/wp\/v2\/types\/post"}],"author":[{"embeddable":true,"href":"https:\/\/www.llamadaip.com\/blog\/wp-json\/wp\/v2\/users\/1"}],"replies":[{"embeddable":true,"href":"https:\/\/www.llamadaip.com\/blog\/wp-json\/wp\/v2\/comments?post=117"}],"version-history":[{"count":1,"href":"https:\/\/www.llamadaip.com\/blog\/wp-json\/wp\/v2\/posts\/117\/revisions"}],"predecessor-version":[{"id":1304,"href":"https:\/\/www.llamadaip.com\/blog\/wp-json\/wp\/v2\/posts\/117\/revisions\/1304"}],"wp:featuredmedia":[{"embeddable":true,"href":"https:\/\/www.llamadaip.com\/blog\/wp-json\/wp\/v2\/media\/118"}],"wp:attachment":[{"href":"https:\/\/www.llamadaip.com\/blog\/wp-json\/wp\/v2\/media?parent=117"}],"wp:term":[{"taxonomy":"category","embeddable":true,"href":"https:\/\/www.llamadaip.com\/blog\/wp-json\/wp\/v2\/categories?post=117"},{"taxonomy":"post_tag","embeddable":true,"href":"https:\/\/www.llamadaip.com\/blog\/wp-json\/wp\/v2\/tags?post=117"}],"curies":[{"name":"wp","href":"https:\/\/api.w.org\/{rel}","templated":true}]}}