{"id":1514,"date":"2020-06-28T10:10:19","date_gmt":"2020-06-28T13:10:19","guid":{"rendered":"http:\/\/www.llamadaip.com\/blog\/?p=1514"},"modified":"2020-06-30T14:01:07","modified_gmt":"2020-06-30T17:01:07","slug":"la-importancia-de-las-microempresas-y-las-pymes","status":"publish","type":"post","link":"https:\/\/www.llamadaip.com\/blog\/2020\/06\/28\/la-importancia-de-las-microempresas-y-las-pymes\/","title":{"rendered":"La importancia de las Microempresas y las Pymes"},"content":{"rendered":"<h3><span style=\"color: #ff9200;\">Sabemos que es un momento delicado y que hoy las empresas (independientemente de su tama\u00f1o) est\u00e1n atravesando un momento desafiante.<\/span><\/h3>\n<p>El pasado 27 de junio se celebr\u00f3 -a nivel mundial- el D\u00eda de las Microempresas y las Pymes. En el caso de Argentina, seg\u00fan un informe del Banco Naci\u00f3n de comienzos de a\u00f1os, las pymes generan el 65% del empleo en el pa\u00eds y la mitad del PBI de la Argentina.<\/p>\n<p>Estos son algunos de los datos que la<a href=\"https:\/\/www.un.org\/es\/observances\/micro-small-medium-businesses-day#:~:text=Es%20por%20su%20importancia%20que,su%20contribuci%C3%B3n%20al%20desarrollo%20sostenible.\" target=\"_blank\" rel=\"noopener\"> Organizaci\u00f3n de las Naciones Unidas (ONU)<\/a> comunic\u00f3 de cara al futuro de las pymes en un contexto mundial de pandemia:<\/p>\n<ul>\n<li>Para 2030 se necesitar\u00e1n 600 millones de empleos para absorber la creciente fuerza laboral mundial, lo que hace que el desarrollo de las pymes sea una alta prioridad para muchos gobiernos de todo el mundo.<\/li>\n<li>En los mercados emergentes, las pymes generan la mayor\u00eda de los empleos formales, que crean 7 de cada 10 empleos.<\/li>\n<li>Aumentar las inversiones anuales en peque\u00f1as y medianas empresas en $1 bill\u00f3n generar\u00eda dividendos desproporcionados en t\u00e9rminos de progreso hacia los Objetivos de Desarrollo Sostenible.<\/li>\n<\/ul>\n<p>Desde Llamada IP, como peque\u00f1a empresa, tratamos de acercar soluciones a las compa\u00f1\u00edas para que puedan proyectar sus negocios y hacerle frente a las condiciones que estamos atravesando. Ofrecemos llamadas globales que no distinguen fronteras, posibilidad de ampliaci\u00f3n de internos de forma r\u00e1pida y sin barreras geogr\u00e1ficas -especial para aquellas compa\u00f1\u00edas que tienen colaboradores en distintas ciudades-, opciones de preatendedor e IVR, conferencia global para tener llamadas grupales, entre muchos otros beneficios. Nuestros servicios son personalizados y consideramos la necesidad de cada cliente para armar un servicio a medida que cumpla con todos los requerimientos.<\/p>\n<p>En el D\u00eda de las Microempresas y las Pymes queremos seguir apoyando a estos negocios que sostienen el desarrollo y fomentan la innovaci\u00f3n, para que puedan expandirse globalmente. \u00a1Los acompa\u00f1amos en este momento!<\/p>\n","protected":false},"excerpt":{"rendered":"<p>Sabemos que es un momento delicado y que hoy las empresas (independientemente de su tama\u00f1o) est\u00e1n atravesando un momento desafiante. El pasado 27 de junio se celebr\u00f3 -a nivel mundial- el D\u00eda de las Microempresas y las Pymes. En el caso de Argentina, seg\u00fan un informe del Banco Naci\u00f3n de comienzos de a\u00f1os, las pymes &hellip; <a href=\"https:\/\/www.llamadaip.com\/blog\/2020\/06\/28\/la-importancia-de-las-microempresas-y-las-pymes\/\" class=\"more-link\">Continuar leyendo<span class=\"screen-reader-text\"> &#8220;La importancia de las Microempresas y las Pymes&#8221;<\/span><\/a><\/p>\n","protected":false},"author":1,"featured_media":1523,"comment_status":"closed","ping_status":"closed","sticky":false,"template":"","format":"standard","meta":{"footnotes":""},"categories":[90],"tags":[9,13,11,6,10,14,12],"class_list":["post-1514","post","type-post","status-publish","format-standard","has-post-thumbnail","hentry","category-llamadaip-com","tag-comunicacion","tag-conferencia","tag-global","tag-llamado","tag-mensaje","tag-pyme","tag-telefono"],"_links":{"self":[{"href":"https:\/\/www.llamadaip.com\/blog\/wp-json\/wp\/v2\/posts\/1514","targetHints":{"allow":["GET"]}}],"collection":[{"href":"https:\/\/www.llamadaip.com\/blog\/wp-json\/wp\/v2\/posts"}],"about":[{"href":"https:\/\/www.llamadaip.com\/blog\/wp-json\/wp\/v2\/types\/post"}],"author":[{"embeddable":true,"href":"https:\/\/www.llamadaip.com\/blog\/wp-json\/wp\/v2\/users\/1"}],"replies":[{"embeddable":true,"href":"https:\/\/www.llamadaip.com\/blog\/wp-json\/wp\/v2\/comments?post=1514"}],"version-history":[{"count":1,"href":"https:\/\/www.llamadaip.com\/blog\/wp-json\/wp\/v2\/posts\/1514\/revisions"}],"predecessor-version":[{"id":1515,"href":"https:\/\/www.llamadaip.com\/blog\/wp-json\/wp\/v2\/posts\/1514\/revisions\/1515"}],"wp:featuredmedia":[{"embeddable":true,"href":"https:\/\/www.llamadaip.com\/blog\/wp-json\/wp\/v2\/media\/1523"}],"wp:attachment":[{"href":"https:\/\/www.llamadaip.com\/blog\/wp-json\/wp\/v2\/media?parent=1514"}],"wp:term":[{"taxonomy":"category","embeddable":true,"href":"https:\/\/www.llamadaip.com\/blog\/wp-json\/wp\/v2\/categories?post=1514"},{"taxonomy":"post_tag","embeddable":true,"href":"https:\/\/www.llamadaip.com\/blog\/wp-json\/wp\/v2\/tags?post=1514"}],"curies":[{"name":"wp","href":"https:\/\/api.w.org\/{rel}","templated":true}]}}