{"id":1596,"date":"2020-08-31T10:55:47","date_gmt":"2020-08-31T13:55:47","guid":{"rendered":"http:\/\/www.llamadaip.com\/blog\/?p=1596"},"modified":"2020-08-31T10:55:47","modified_gmt":"2020-08-31T13:55:47","slug":"importante-reunion-con-autoridades","status":"publish","type":"post","link":"https:\/\/www.llamadaip.com\/blog\/2020\/08\/31\/importante-reunion-con-autoridades\/","title":{"rendered":"Importante reuni\u00f3n con autoridades"},"content":{"rendered":"<h3><span style=\"color: #ff9200;\">En el marco de la implementaci\u00f3n del Decreto 690\/20, las autoridades de CABASE se reunieron con las de ENACOM para intercambiar ideas sobre las necesidades de la industria. Estuvimos presentes.<\/span><\/h3>\n<p>Una comisi\u00f3n representativa de la C\u00e1mara Argentina de Internet, que incluy\u00f3 a Nacho Ribeiro, CEO de Llamada IP y Vicepresidente de Telefon\u00eda en CABASE, se reuni\u00f3 de manera virtual con integrantes del Ente Nacional de Comunicaciones (ENACOM) y la Secretar\u00eda de Innovaci\u00f3n P\u00fablica y Subsecretar\u00eda de TICs.<\/p>\n<p>El objetivo de la reuni\u00f3n fue dialogar sobre la implementaci\u00f3n del<a href=\"https:\/\/www.boletinoficial.gob.ar\/detalleAviso\/primera\/233932\/20200822\" target=\"_blank\" rel=\"noopener\"> Decreto 690\/20<\/a>. El planteo que CABASE llev\u00f3 a esa reuni\u00f3n es que la reglamentaci\u00f3n del DNU debe contemplar un esquema espec\u00edfico para PyMEs y Cooperativas, diferenciado del que se establecer\u00e1 para los grandes operadores.<\/p>\n<p>En particular como Vicepresidente en Telefon\u00eda en CABASE, Nacho Ribeiro, present\u00f3 temas de interconexi\u00f3n, asimetr\u00edas, sus costos y la necesaria evoluci\u00f3n a protocolo SIP, como as\u00ed tambi\u00e9n la urgencia en implementar de forma efectiva la portabilidad en telefon\u00eda fija.<\/p>\n<p>Por CABASE, participaron Ariel Graizer, Patricio Seoane, Esteban Tocalini, Facundo Fern\u00e1ndez, Esteban Lescano y Nacho Ribeiro.<\/p>\n<p>El encuentro fue muy importante, ya que CABASE fue pudo constituirse como \u00fanico interlocutor en esta reuni\u00f3n y encontramos en los funcionarios una apertura y buena predisposici\u00f3n en relaci\u00f3n a dise\u00f1ar una reglamentaci\u00f3n diferenciada de la de los grandes operadores, aunque no hay que perder de vista que se trata de un primer paso, en principio auspicioso, de una proceso en el que deberemos insistir con la posici\u00f3n en defensa de los intereses de las PyMEs y Cooperativas del rubro.<\/p>\n<p>Nota completa publicada por ENACOM<br \/>\n<a href=\"https:\/\/www.enacom.gob.ar\/institucional\/autoridades-de-enacom-se-reunieron-con-representantes-de-la-camara-argentina-de-internet_n2630\" target=\"_blank\" rel=\"noopener\">https:\/\/www.enacom.gob.ar\/institucional\/autoridades-de-enacom-se-reunieron-con-representantes-de-la-camara-argentina-de-internet_n2630<\/a><\/p>\n<p><strong>Notas publicadas en otros medios<\/strong><\/p>\n<p>TELCOS MEDIA<br \/>\n<a href=\"http:\/\/telcosmedia.com.ar\/el-enacom-se-comprometio-con-las-pymes-para-que-el-dnu-no-los-afecte\/\" target=\"_blank\" rel=\"noopener\">http:\/\/telcosmedia.com.ar\/el-enacom-se-comprometio-con-las-pymes-para-que-el-dnu-no-los-afecte\/<\/a><\/p>\n<p>P\u00c1GINA 12<br \/>\n<a href=\"https:\/\/www.pagina12.com.ar\/288300-el-enacom-se-comprometio-a-trabajar-con-los-proveedores-de-i\" target=\"_blank\" rel=\"noopener\">https:\/\/www.pagina12.com.ar\/288300-el-enacom-se-comprometio-a-trabajar-con-los-proveedores-de-i<\/a><\/p>\n<p>MINUTO UNO<br \/>\n<a href=\"https:\/\/www.minutouno.com\/notas\/5128709-el-enacom-se-comprometio-pymes-proveedoras-internet-trabajar-reglamentar-el-dnu\" target=\"_blank\" rel=\"noopener\">https:\/\/www.minutouno.com\/notas\/5128709-el-enacom-se-comprometio-pymes-proveedoras-internet-trabajar-reglamentar-el-dnu<\/a><\/p>\n<p>GRUPO LA PROVINCIA<br \/>\n<a href=\"https:\/\/www.grupolaprovincia.com\/economia\/el-enacom-se-comprometio-a-trabajar-para-que-el-dnu-no-afecte-los-proveedores-de-internet-557529\" target=\"_blank\" rel=\"noopener\">https:\/\/www.grupolaprovincia.com\/economia\/el-enacom-se-comprometio-a-trabajar-para-que-el-dnu-no-afecte-los-proveedores-de-internet-557529<\/a><\/p>\n<p><strong>NOTAS RELACIONADAS<br \/>\n<\/strong><a href=\"https:\/\/www.llamadaip.com\/blog\/2020\/04\/06\/portabilidad-en-telefonia-fija-una-necesidad-en-tiempo-de-pandemia\/\" target=\"_blank\" rel=\"noopener\">Portabilidad en telefon\u00eda fija: una necesidad en tiempo de pandemia<\/a><br \/>\n<a href=\"https:\/\/www.llamadaip.com\/blog\/2020\/03\/26\/necesidades-de-la-industria-en-tiempos-de-emergencia\/\" target=\"_blank\" rel=\"noopener\">Necesidades de la industria en tiempos de emergencia<\/a><br \/>\n<a href=\"https:\/\/www.llamadaip.com\/blog\/2019\/10\/05\/se-publico-en-el-boletin-oficial-un-nuevo-plan-de-senalizacion-para-telefonia-en-argentina\/\" target=\"_blank\" rel=\"noopener\">Se public\u00f3 en el Bolet\u00edn Oficial un nuevo Plan de Se\u00f1alizaci\u00f3n para telefon\u00eda en Argentina<\/a><\/p>\n","protected":false},"excerpt":{"rendered":"<p>En el marco de la implementaci\u00f3n del Decreto 690\/20, las autoridades de CABASE se reunieron con las de ENACOM para intercambiar ideas sobre las necesidades de la industria. Estuvimos presentes. Una comisi\u00f3n representativa de la C\u00e1mara Argentina de Internet, que incluy\u00f3 a Nacho Ribeiro, CEO de Llamada IP y Vicepresidente de Telefon\u00eda en CABASE, se &hellip; <a href=\"https:\/\/www.llamadaip.com\/blog\/2020\/08\/31\/importante-reunion-con-autoridades\/\" class=\"more-link\">Continuar leyendo<span class=\"screen-reader-text\"> &#8220;Importante reuni\u00f3n con autoridades&#8221;<\/span><\/a><\/p>\n","protected":false},"author":1,"featured_media":1598,"comment_status":"closed","ping_status":"closed","sticky":false,"template":"","format":"standard","meta":{"footnotes":""},"categories":[90],"tags":[9,13,11,6,10,14,12],"class_list":["post-1596","post","type-post","status-publish","format-standard","has-post-thumbnail","hentry","category-llamadaip-com","tag-comunicacion","tag-conferencia","tag-global","tag-llamado","tag-mensaje","tag-pyme","tag-telefono"],"_links":{"self":[{"href":"https:\/\/www.llamadaip.com\/blog\/wp-json\/wp\/v2\/posts\/1596","targetHints":{"allow":["GET"]}}],"collection":[{"href":"https:\/\/www.llamadaip.com\/blog\/wp-json\/wp\/v2\/posts"}],"about":[{"href":"https:\/\/www.llamadaip.com\/blog\/wp-json\/wp\/v2\/types\/post"}],"author":[{"embeddable":true,"href":"https:\/\/www.llamadaip.com\/blog\/wp-json\/wp\/v2\/users\/1"}],"replies":[{"embeddable":true,"href":"https:\/\/www.llamadaip.com\/blog\/wp-json\/wp\/v2\/comments?post=1596"}],"version-history":[{"count":1,"href":"https:\/\/www.llamadaip.com\/blog\/wp-json\/wp\/v2\/posts\/1596\/revisions"}],"predecessor-version":[{"id":1597,"href":"https:\/\/www.llamadaip.com\/blog\/wp-json\/wp\/v2\/posts\/1596\/revisions\/1597"}],"wp:featuredmedia":[{"embeddable":true,"href":"https:\/\/www.llamadaip.com\/blog\/wp-json\/wp\/v2\/media\/1598"}],"wp:attachment":[{"href":"https:\/\/www.llamadaip.com\/blog\/wp-json\/wp\/v2\/media?parent=1596"}],"wp:term":[{"taxonomy":"category","embeddable":true,"href":"https:\/\/www.llamadaip.com\/blog\/wp-json\/wp\/v2\/categories?post=1596"},{"taxonomy":"post_tag","embeddable":true,"href":"https:\/\/www.llamadaip.com\/blog\/wp-json\/wp\/v2\/tags?post=1596"}],"curies":[{"name":"wp","href":"https:\/\/api.w.org\/{rel}","templated":true}]}}