{"id":2068,"date":"2021-10-13T13:13:20","date_gmt":"2021-10-13T16:13:20","guid":{"rendered":"http:\/\/www.llamadaip.com\/blog\/?p=2068"},"modified":"2021-10-19T16:32:31","modified_gmt":"2021-10-19T19:32:31","slug":"llamada-ip-asistio-al-coloquio-de-idea","status":"publish","type":"post","link":"https:\/\/www.llamadaip.com\/blog\/2021\/10\/13\/llamada-ip-asistio-al-coloquio-de-idea\/","title":{"rendered":"Llamada IP asisti\u00f3 al coloquio de IDEA"},"content":{"rendered":"<h3><span style=\"color: #ff9200;\">Fuimos parte del Coloquio IDEA 2021, que volvi\u00f3 a ser presencial despu\u00e9s de dos a\u00f1os de aislamiento.<\/span><\/h3>\n<p><a href=\"https:\/\/www.idea.org.ar\/nosotros\/\" target=\"_blank\" rel=\"noopener\">IDEA -Instituto para el desarrollo empresarial de la Argentina\u2013 <\/a>es la organizaci\u00f3n con mayor prestigio en el \u00e1mbito empresarial que promueve el crecimiento y la competitividad de las empresas del pa\u00eds. Se trata de una comunidad empresarial muy importante de Argentina, que re\u00fane a profesionales de peque\u00f1as, medianas y grandes empresas de todos los sectores y puntos del pa\u00eds.<\/p>\n<p><img loading=\"lazy\" decoding=\"async\" class=\"alignnone size-full wp-image-2074\" src=\"https:\/\/www.llamadaip.com\/blog\/wp-content\/uploads\/2021\/10\/IDEA-nacho.jpeg\" alt=\"\" width=\"1276\" height=\"642\" srcset=\"https:\/\/www.llamadaip.com\/blog\/wp-content\/uploads\/2021\/10\/IDEA-nacho.jpeg 1276w, https:\/\/www.llamadaip.com\/blog\/wp-content\/uploads\/2021\/10\/IDEA-nacho-300x151.jpeg 300w, https:\/\/www.llamadaip.com\/blog\/wp-content\/uploads\/2021\/10\/IDEA-nacho-768x386.jpeg 768w, https:\/\/www.llamadaip.com\/blog\/wp-content\/uploads\/2021\/10\/IDEA-nacho-1024x515.jpeg 1024w, https:\/\/www.llamadaip.com\/blog\/wp-content\/uploads\/2021\/10\/IDEA-nacho-1200x604.jpeg 1200w\" sizes=\"auto, (max-width: 709px) 85vw, (max-width: 909px) 67vw, (max-width: 1362px) 62vw, 840px\" \/><\/p>\n<p><b>Esta vez, <\/b><a href=\"https:\/\/www.linkedin.com\/in\/nachoribeiro\/?originalSubdomain=ar\" target=\"_blank\" rel=\"noopener\"><b>Nacho Ribeiro<\/b><\/a><b>, CEO de Llamada IP, form\u00f3 parte de la primera jornada del Coloquio IDEA 2021 que se realiza del 13 al 15 de octubre en el Centro Costa Salguero, Ciudad Aut\u00f3noma de Buenos Aires.<\/b><\/p>\n<p>Este evento, que este a\u00f1o presenta su 57\u00b0 edici\u00f3n, es un espacio de reflexi\u00f3n sobre los acuerdos que necesitamos para lograr una Argentina sostenible. Las empresas tenemos un rol fundamental en la generaci\u00f3n de valor y de trabajo de calidad, que necesitamos potenciar. Este a\u00f1o, uno de los temas principales es el empleo y la generaci\u00f3n de pol\u00edticas que impulsen la creaci\u00f3n de trabajo genuino para lograr una reducci\u00f3n en los \u00edndices de desempleo y pobreza.<\/p>\n<p>En la primera jornada del evento, distintos directivos de IDEA resaltaron la preocupaci\u00f3n respecto de las 4 d\u00e9cadas de recesi\u00f3n que sufre el pa\u00eds y el 40% de pobreza al que se lleg\u00f3 hoy en d\u00eda.<i> &#8220;El gran desaf\u00edo que tenemos es que no estamos acostumbrados a colaborar, estamos acostumbrados a una din\u00e1mica de confrontaci\u00f3n, de puja de intereses. Cuando caemos todos perdemos, tenemos que dejar de tirar y colaborar&#8221;, <\/i>explic\u00f3 en su discurso de apertura Paula Altavilla, l\u00edder de Schneider Electric para Argentina, Uruguay y Paraguay y presidente del Coloquio IDEA.<\/p>\n<p><iframe loading=\"lazy\" width=\"840\" height=\"473\" src=\"https:\/\/www.youtube.com\/embed\/MQlbAWGebaE?feature=oembed\" frameborder=\"0\" allow=\"accelerometer; autoplay; clipboard-write; encrypted-media; gyroscope; picture-in-picture\" allowfullscreen><\/iframe><\/p>\n<p>Este evento convoca a todos los actores sociales a sumarse en un di\u00e1logo plural acerca de los temas estructurales que necesitamos abordar para lograr el desarrollo sostenible de la Argentina en el marco de las grandes tendencias globales. En <a href=\"https:\/\/coloquio.idea.org.ar\/\" target=\"_blank\" rel=\"noopener\">este sitio web <\/a>se puede conocer el listado de participantes y programa completo del evento.<\/p>\n<p>Desde Llamada IP seguimos apostando a crecer, conocer nuevos puntos de vista y generar v\u00ednculos dentro de la industria para mejorar nuestros servicios.<\/p>\n<p><strong>NOTAS RELACIONADAS<br \/>\n<\/strong><a href=\"https:\/\/www.llamadaip.com\/blog\/2020\/11\/20\/somos-parte-de-idea\/\" target=\"_blank\" rel=\"noopener\">\u00a1Somos parte de IDEA!<\/a><br \/>\n<a href=\"https:\/\/www.llamadaip.com\/blog\/2018\/03\/13\/somos-socios-n-1-del-punto-de-interconexion-sip-en-cabase\/\" target=\"_blank\" rel=\"noopener\">Somos socios N\u00b0 1 del punto de interconexi\u00f3n SIP en CABASE<\/a><br \/>\n<a href=\"https:\/\/www.llamadaip.com\/blog\/2016\/11\/07\/llamada-ip-miembro-de-la-camara-argentina-de-telefonia-ip\/\" target=\"_blank\" rel=\"noopener\">Llamada IP, miembro de la C\u00e1mara Argentina de Telefon\u00eda IP<\/a><\/p>\n","protected":false},"excerpt":{"rendered":"<p>Fuimos parte del Coloquio IDEA 2021, que volvi\u00f3 a ser presencial despu\u00e9s de dos a\u00f1os de aislamiento. IDEA -Instituto para el desarrollo empresarial de la Argentina\u2013 es la organizaci\u00f3n con mayor prestigio en el \u00e1mbito empresarial que promueve el crecimiento y la competitividad de las empresas del pa\u00eds. Se trata de una comunidad empresarial muy &hellip; <a href=\"https:\/\/www.llamadaip.com\/blog\/2021\/10\/13\/llamada-ip-asistio-al-coloquio-de-idea\/\" class=\"more-link\">Continuar leyendo<span class=\"screen-reader-text\"> &#8220;Llamada IP asisti\u00f3 al coloquio de IDEA&#8221;<\/span><\/a><\/p>\n","protected":false},"author":1,"featured_media":2071,"comment_status":"closed","ping_status":"closed","sticky":false,"template":"","format":"standard","meta":{"footnotes":""},"categories":[90],"tags":[],"class_list":["post-2068","post","type-post","status-publish","format-standard","has-post-thumbnail","hentry","category-llamadaip-com"],"_links":{"self":[{"href":"https:\/\/www.llamadaip.com\/blog\/wp-json\/wp\/v2\/posts\/2068","targetHints":{"allow":["GET"]}}],"collection":[{"href":"https:\/\/www.llamadaip.com\/blog\/wp-json\/wp\/v2\/posts"}],"about":[{"href":"https:\/\/www.llamadaip.com\/blog\/wp-json\/wp\/v2\/types\/post"}],"author":[{"embeddable":true,"href":"https:\/\/www.llamadaip.com\/blog\/wp-json\/wp\/v2\/users\/1"}],"replies":[{"embeddable":true,"href":"https:\/\/www.llamadaip.com\/blog\/wp-json\/wp\/v2\/comments?post=2068"}],"version-history":[{"count":5,"href":"https:\/\/www.llamadaip.com\/blog\/wp-json\/wp\/v2\/posts\/2068\/revisions"}],"predecessor-version":[{"id":2079,"href":"https:\/\/www.llamadaip.com\/blog\/wp-json\/wp\/v2\/posts\/2068\/revisions\/2079"}],"wp:featuredmedia":[{"embeddable":true,"href":"https:\/\/www.llamadaip.com\/blog\/wp-json\/wp\/v2\/media\/2071"}],"wp:attachment":[{"href":"https:\/\/www.llamadaip.com\/blog\/wp-json\/wp\/v2\/media?parent=2068"}],"wp:term":[{"taxonomy":"category","embeddable":true,"href":"https:\/\/www.llamadaip.com\/blog\/wp-json\/wp\/v2\/categories?post=2068"},{"taxonomy":"post_tag","embeddable":true,"href":"https:\/\/www.llamadaip.com\/blog\/wp-json\/wp\/v2\/tags?post=2068"}],"curies":[{"name":"wp","href":"https:\/\/api.w.org\/{rel}","templated":true}]}}