{"id":2208,"date":"2022-03-12T16:44:00","date_gmt":"2022-03-12T19:44:00","guid":{"rendered":"https:\/\/www.llamadaip.com\/blog\/?p=2208"},"modified":"2022-03-14T16:55:52","modified_gmt":"2022-03-14T19:55:52","slug":"llamada-ip-estuvo-presente-en-mobile-world-congress-y-andina-link","status":"publish","type":"post","link":"https:\/\/www.llamadaip.com\/blog\/2022\/03\/12\/llamada-ip-estuvo-presente-en-mobile-world-congress-y-andina-link\/","title":{"rendered":"Llamada IP estuvo presente en Mobile World Congress y Andina Link"},"content":{"rendered":"\n<h3 class=\"wp-block-heading\"><span style=\"color: #ff9200;\">Nacho Ribeiro, CEO de Llamada IP, estuvo presente en dos ferias internacionales muy importantes: Mobile World Congress (Barcelona) y Andina Link (Bogot\u00e1).<\/span><\/h3>\n\n\n\n<p>Durante los primeros d\u00edas de marzo Nacho Ribeiro, CEO de Llamada IP, estuvo presente en dos de los eventos de telecomunicaciones m\u00e1s relevantes del mundo y la regi\u00f3n. Compartimos los detalles de est\u00e1s presencias que nos permiten seguir generando sinergias con otros actores del rubro, para brindar cada vez mejor servicio.&nbsp;<\/p>\n\n\n\n<p><strong>Mobile World Congress, el evento m\u00e1s influyente para la industria de la conectividad<\/strong><\/p>\n\n\n\n<p><a href=\"https:\/\/www.mwcbarcelona.com\/\" target=\"_blank\" rel=\"noreferrer noopener\">MWC Barcelona<\/a> es donde las empresas l\u00edderes y los pioneros comparten el liderazgo intelectual m\u00e1s reciente sobre el progreso y el futuro de la conectividad; por lo que se convierte en el mejor lugar para establecer contactos con personas influyentes de la industria m\u00f3vil y tecnol\u00f3gica.<\/p>\n\n\n\n<p>Al MWC Barcelona asisten operadores m\u00f3viles globales, fabricantes de dispositivos, proveedores de tecnolog\u00eda, vendedores y propietarios de contenido para, juntos, darle forma al futuro de la conectividad.&nbsp;<\/p>\n\n\n\n<figure class=\"wp-block-embed is-type-video is-provider-youtube wp-block-embed-youtube wp-embed-aspect-16-9 wp-has-aspect-ratio\"><div class=\"wp-block-embed__wrapper\">\n<iframe loading=\"lazy\" title=\"Llamada IP estuvo presente en la feria internacional Mobile World Congress (Barcelona)\" width=\"840\" height=\"473\" src=\"https:\/\/www.youtube.com\/embed\/ktCw8DzTb5w?feature=oembed\" frameborder=\"0\" allow=\"accelerometer; autoplay; clipboard-write; encrypted-media; gyroscope; picture-in-picture\" allowfullscreen><\/iframe>\n<\/div><\/figure>\n\n\n\n<p><strong>Andina Link, la Feria de las Oportunidades, donde la Convergencia une a Latinoam\u00e9rica con el mundo<\/strong><\/p>\n\n\n\n<p>Con una trayectoria de 28 a\u00f1os,<a href=\"https:\/\/cartagena.andinalink.com\/?_ga=2.238703107.2095173456.1647282457-1749888009.1647282457\" target=\"_blank\" rel=\"noreferrer noopener\"> Andina Link<\/a> es una prestigiosa Feria Internacional de telecomunicaciones y tecnolog\u00edas convergentes, que se ha posicionado como el lugar preferido para las negociaciones y el networking de la industria en Latinoam\u00e9rica. Cuenta con las m\u00e1s impactantes muestras comerciales de la regi\u00f3n y es el lugar predilecto para presentar las nuevas tendencias y los \u00faltimos adelantos tecnol\u00f3gicos de la industria.\u00a0 Adem\u00e1s, se destaca por reunir las m\u00e1s altas esferas del sector de las TIC, tomadores de decisi\u00f3n en el gobierno y grandes empresas.<\/p>\n\n\n\n<figure class=\"wp-block-embed is-type-video is-provider-youtube wp-block-embed-youtube wp-embed-aspect-4-3 wp-has-aspect-ratio\"><div class=\"wp-block-embed__wrapper\">\n<iframe loading=\"lazy\" title=\"Llamada IP estuvo presente en Andina Link, la Feria Internacional de telecomunicaciones.\" width=\"840\" height=\"630\" src=\"https:\/\/www.youtube.com\/embed\/oFZcznJ2EPg?feature=oembed\" frameborder=\"0\" allow=\"accelerometer; autoplay; clipboard-write; encrypted-media; gyroscope; picture-in-picture\" allowfullscreen><\/iframe>\n<\/div><\/figure>\n\n\n\n<p>Estos eventos nos permiten seguir relacion\u00e1ndonos con otras empresas del rubro, conocer nuevas herramientas para mejorar nuestros procesos y&nbsp; brindar un servicio de calidad.<\/p>\n","protected":false},"excerpt":{"rendered":"<p>Nacho Ribeiro, CEO de Llamada IP, estuvo presente en dos ferias internacionales muy importantes: Mobile World Congress (Barcelona) y Andina Link (Bogot\u00e1). Durante los primeros d\u00edas de marzo Nacho Ribeiro, CEO de Llamada IP, estuvo presente en dos de los eventos de telecomunicaciones m\u00e1s relevantes del mundo y la regi\u00f3n. Compartimos los detalles de est\u00e1s &hellip; <a href=\"https:\/\/www.llamadaip.com\/blog\/2022\/03\/12\/llamada-ip-estuvo-presente-en-mobile-world-congress-y-andina-link\/\" class=\"more-link\">Continuar leyendo<span class=\"screen-reader-text\"> &#8220;Llamada IP estuvo presente en Mobile World Congress y Andina Link&#8221;<\/span><\/a><\/p>\n","protected":false},"author":1,"featured_media":2210,"comment_status":"closed","ping_status":"closed","sticky":false,"template":"","format":"standard","meta":{"footnotes":""},"categories":[90],"tags":[],"class_list":["post-2208","post","type-post","status-publish","format-standard","has-post-thumbnail","hentry","category-llamadaip-com"],"_links":{"self":[{"href":"https:\/\/www.llamadaip.com\/blog\/wp-json\/wp\/v2\/posts\/2208","targetHints":{"allow":["GET"]}}],"collection":[{"href":"https:\/\/www.llamadaip.com\/blog\/wp-json\/wp\/v2\/posts"}],"about":[{"href":"https:\/\/www.llamadaip.com\/blog\/wp-json\/wp\/v2\/types\/post"}],"author":[{"embeddable":true,"href":"https:\/\/www.llamadaip.com\/blog\/wp-json\/wp\/v2\/users\/1"}],"replies":[{"embeddable":true,"href":"https:\/\/www.llamadaip.com\/blog\/wp-json\/wp\/v2\/comments?post=2208"}],"version-history":[{"count":3,"href":"https:\/\/www.llamadaip.com\/blog\/wp-json\/wp\/v2\/posts\/2208\/revisions"}],"predecessor-version":[{"id":2212,"href":"https:\/\/www.llamadaip.com\/blog\/wp-json\/wp\/v2\/posts\/2208\/revisions\/2212"}],"wp:featuredmedia":[{"embeddable":true,"href":"https:\/\/www.llamadaip.com\/blog\/wp-json\/wp\/v2\/media\/2210"}],"wp:attachment":[{"href":"https:\/\/www.llamadaip.com\/blog\/wp-json\/wp\/v2\/media?parent=2208"}],"wp:term":[{"taxonomy":"category","embeddable":true,"href":"https:\/\/www.llamadaip.com\/blog\/wp-json\/wp\/v2\/categories?post=2208"},{"taxonomy":"post_tag","embeddable":true,"href":"https:\/\/www.llamadaip.com\/blog\/wp-json\/wp\/v2\/tags?post=2208"}],"curies":[{"name":"wp","href":"https:\/\/api.w.org\/{rel}","templated":true}]}}