{"id":2343,"date":"2022-06-29T15:08:00","date_gmt":"2022-06-29T18:08:00","guid":{"rendered":"https:\/\/www.llamadaip.com\/blog\/?p=2343"},"modified":"2022-07-04T09:51:03","modified_gmt":"2022-07-04T12:51:03","slug":"portabilidad-numerica-en-fijos-en-julio-inicia-el-cronograma-de-implementacion","status":"publish","type":"post","link":"https:\/\/www.llamadaip.com\/blog\/2022\/06\/29\/portabilidad-numerica-en-fijos-en-julio-inicia-el-cronograma-de-implementacion\/","title":{"rendered":"Portabilidad num\u00e9rica en fijos: en julio inicia el cronograma de implementaci\u00f3n"},"content":{"rendered":"\n<h3 class=\"wp-block-heading\"><span style=\"color: #ff9200;\">En junio se cumpli\u00f3 el plazo establecido por ENACOM para la implementaci\u00f3n de la portabilidad num\u00e9rica en fijos. Te contamos algunos datos importantes.<\/span><\/h3>\n\n\n\n<p>El sistema de telefon\u00eda de Argentina, portabilidad e interconexiones debe dar el siguiente paso hacia la portabilidad en fijos. Con ella, se podr\u00e1 portar la numeraci\u00f3n de tipo fija que hoy est\u00e1 en pares de cobre, a nuevas tecnolog\u00edas VoIP, redes de fibra \u00f3ptica, sistemas de PBX (centralita) en la nube, lo cu\u00e1l ha sido muy requerido por las empresas en \u00e9pocas de pandemia, teletrabajo y homeoffice.&nbsp;<\/p>\n\n\n\n<p>Adem\u00e1s, la portabilidad para la numeraci\u00f3n fija le da competencia a un servicio que antes no ten\u00eda, sumando valor y desarrollo a las redes fijas de internet y nuevas tecnolog\u00edas.&nbsp;<\/p>\n\n\n\n<p><strong>Debemos modernizar un sistema que ha quedado desactualizado.&nbsp;<\/strong><\/p>\n\n\n\n<p>En la \u00faltima resoluci\u00f3n publicada por ENACOM&nbsp; en el mes de enero, <a href=\"https:\/\/www.boletinoficial.gob.ar\/detalleAviso\/primera\/256587\/20220125\" target=\"_blank\" rel=\"noreferrer noopener\">Resoluci\u00f3n 32\/22<\/a>, se estableci\u00f3 una pr\u00f3rroga de 120 d\u00edas al inicio de la portabilidad num\u00e9rica para los servicios de telefon\u00eda fija, plazo que ya se cumpli\u00f3. Por lo tanto, se acerca la fecha de puesta en marcha de todos los procesos. El cronograma se est\u00e1 aplicando seg\u00fan lo acordado y los operadores han progresado en distintos acuerdos y definiciones que surgieron de las reuniones de COPITO (Comit\u00e9 T\u00e9cnico de Portabilidad).<\/p>\n\n\n\n<figure class=\"wp-block-image size-large\"><img loading=\"lazy\" decoding=\"async\" width=\"1024\" height=\"779\" src=\"https:\/\/www.llamadaip.com\/blog\/wp-content\/uploads\/2022\/07\/Infografia-portabilidad-numerica-02-1024x779.png\" alt=\"\" class=\"wp-image-2345\" srcset=\"https:\/\/www.llamadaip.com\/blog\/wp-content\/uploads\/2022\/07\/Infografia-portabilidad-numerica-02-1024x779.png 1024w, https:\/\/www.llamadaip.com\/blog\/wp-content\/uploads\/2022\/07\/Infografia-portabilidad-numerica-02-300x228.png 300w, https:\/\/www.llamadaip.com\/blog\/wp-content\/uploads\/2022\/07\/Infografia-portabilidad-numerica-02-768x585.png 768w, https:\/\/www.llamadaip.com\/blog\/wp-content\/uploads\/2022\/07\/Infografia-portabilidad-numerica-02.png 1080w\" sizes=\"auto, (max-width: 709px) 85vw, (max-width: 909px) 67vw, (max-width: 1362px) 62vw, 840px\" \/><\/figure>\n\n\n\n<p>El 27 de junio se procedi\u00f3 a iniciar el enrutamiento de las llamadas entre los distintos operadores adheridos utilizando el Routing Number (identificador) asignado para cada uno. Seguidamente se habilitar\u00e1 en tres etapas la portabilidad de las l\u00ednea tipo fijas:<\/p>\n\n\n\n<ul class=\"wp-block-list\"><li>25 de julio: Prefijos interurbanos de La Plata (221), Mar del Plata (223) y Salta (387).<\/li><li>8 de Agosto: 20 Prefijos interurbanos de mediana densidad.<\/li><li>22 de agosto: Resto de las localidades de Argentina (incluyendo 011 de AMBA) y servicios no geogr\u00e1ficos (particularmente 0800\/0810).<\/li><\/ul>\n\n\n\n<figure class=\"wp-block-image size-large\"><img loading=\"lazy\" decoding=\"async\" width=\"1024\" height=\"807\" src=\"https:\/\/www.llamadaip.com\/blog\/wp-content\/uploads\/2022\/07\/Infografia-portabilidad-numerica-01-1024x807.png\" alt=\"\" class=\"wp-image-2346\" srcset=\"https:\/\/www.llamadaip.com\/blog\/wp-content\/uploads\/2022\/07\/Infografia-portabilidad-numerica-01-1024x807.png 1024w, https:\/\/www.llamadaip.com\/blog\/wp-content\/uploads\/2022\/07\/Infografia-portabilidad-numerica-01-300x236.png 300w, https:\/\/www.llamadaip.com\/blog\/wp-content\/uploads\/2022\/07\/Infografia-portabilidad-numerica-01-768x605.png 768w, https:\/\/www.llamadaip.com\/blog\/wp-content\/uploads\/2022\/07\/Infografia-portabilidad-numerica-01.png 1080w\" sizes=\"auto, (max-width: 709px) 85vw, (max-width: 909px) 67vw, (max-width: 1362px) 62vw, 840px\" \/><\/figure>\n\n\n\n<p><strong>Algunos datos y fechas que se destacan:<\/strong><\/p>\n\n\n\n<ul class=\"wp-block-list\"><li>N\u00fameros m\u00f3viles activos: +60M<\/li><li>N\u00fameros fijos activos: +8M<\/li><li>Portabilidad num\u00e9rica m\u00f3vil est\u00e1 en operaci\u00f3n desde marzo 2012.<\/li><li>Hasta el momento se han portado +15M de n\u00fameros m\u00f3viles.<\/li><li>Al d\u00eda de hoy, en funci\u00f3n de los operadores adheridos actualmente, el 96,3% de los n\u00fameros de Argentina estar\u00e1 en condiciones de acceder a la Portabilidad Num\u00e9rica.<\/li><\/ul>\n\n\n\n<p>Tener un sistema de numeraci\u00f3n sano, moderno y ordenado entre los distintos operadores nos permite ofrecer y seguir desarrollando m\u00e1s prestaciones, garantizando el derecho de todos los argentinos a conservar su n\u00famero de tel\u00e9fono de su celular, casa, comercio, negocio o empresa.&nbsp;<\/p>\n\n\n\n<figure class=\"wp-block-image size-large\"><img loading=\"lazy\" decoding=\"async\" width=\"1024\" height=\"580\" src=\"https:\/\/www.llamadaip.com\/blog\/wp-content\/uploads\/2022\/07\/Infografia-portabilidad-numerica-03-1024x580.png\" alt=\"\" class=\"wp-image-2347\" srcset=\"https:\/\/www.llamadaip.com\/blog\/wp-content\/uploads\/2022\/07\/Infografia-portabilidad-numerica-03-1024x580.png 1024w, https:\/\/www.llamadaip.com\/blog\/wp-content\/uploads\/2022\/07\/Infografia-portabilidad-numerica-03-300x170.png 300w, https:\/\/www.llamadaip.com\/blog\/wp-content\/uploads\/2022\/07\/Infografia-portabilidad-numerica-03-768x435.png 768w, https:\/\/www.llamadaip.com\/blog\/wp-content\/uploads\/2022\/07\/Infografia-portabilidad-numerica-03.png 1080w\" sizes=\"auto, (max-width: 709px) 85vw, (max-width: 909px) 67vw, (max-width: 1362px) 62vw, 840px\" \/><\/figure>\n\n\n\n<p>Confiamos en que todo este cambio redundar\u00e1 en m\u00e1s competencia, mejores servicios y comunicaciones para todos los argentinos.<\/p>\n\n\n\n<p>Preinscribite a la portabilidad en l\u00edneas fijas:<a href=\"https:\/\/www.llamadaip.com\/portabilidad\/\"> https:\/\/www.llamadaip.com\/portabilidad\/<\/a><\/p>\n\n\n\n<p><strong>Notas de referencia<\/strong><br><a rel=\"noreferrer noopener\" href=\"https:\/\/www.telesemana.com\/blog\/2022\/06\/27\/la-portabilidad-fija-inicia-las-pruebas-definitivas-en-la-argentina-y-ya-tiene-fecha-de-puesta-en-marcha\/\" target=\"_blank\">La portabilidad fija inicia las pruebas definitivas en la Argentina y ya tiene fecha de puesta en marcha (Telesemana)<\/a><br><a rel=\"noreferrer noopener\" href=\"https:\/\/www.itsitio.com\/ar\/como-avanza-la-portabilidad-numerica-en-argentina\/?mdx-ed=Sm9YRkgvcmtVTHF5MWY2MGgyUWxidz09\" target=\"_blank\">C\u00f3mo avanza la portabilidad num\u00e9rica en Argentina (itsitio)<\/a><\/p>\n\n\n\n<p><strong>Notas recomendadas<\/strong><br><a rel=\"noreferrer noopener\" href=\"https:\/\/www.llamadaip.com\/blog\/2021\/11\/16\/estamos-muy-cerca-de-la-portabilidad-numerica-telefonia-fija\/\" target=\"_blank\">\u00a1Estamos muy cerca de la Portabilidad Num\u00e9rica Telefon\u00eda Fija!<\/a><br><a rel=\"noreferrer noopener\" href=\"https:\/\/www.llamadaip.com\/blog\/2019\/11\/22\/llamada-ip-ya-tiene-routing-number-para-la-portabilidad-en-fijos\/\" target=\"_blank\">Llamada IP ya tiene Routing Number para la portabilidad en fijos<\/a><\/p>\n","protected":false},"excerpt":{"rendered":"<p>En junio se cumpli\u00f3 el plazo establecido por ENACOM para la implementaci\u00f3n de la portabilidad num\u00e9rica en fijos. Te contamos algunos datos importantes. El sistema de telefon\u00eda de Argentina, portabilidad e interconexiones debe dar el siguiente paso hacia la portabilidad en fijos. Con ella, se podr\u00e1 portar la numeraci\u00f3n de tipo fija que hoy est\u00e1 &hellip; <a href=\"https:\/\/www.llamadaip.com\/blog\/2022\/06\/29\/portabilidad-numerica-en-fijos-en-julio-inicia-el-cronograma-de-implementacion\/\" class=\"more-link\">Continuar leyendo<span class=\"screen-reader-text\"> &#8220;Portabilidad num\u00e9rica en fijos: en julio inicia el cronograma de implementaci\u00f3n&#8221;<\/span><\/a><\/p>\n","protected":false},"author":1,"featured_media":2354,"comment_status":"closed","ping_status":"closed","sticky":false,"template":"","format":"standard","meta":{"footnotes":""},"categories":[90],"tags":[],"class_list":["post-2343","post","type-post","status-publish","format-standard","has-post-thumbnail","hentry","category-llamadaip-com"],"_links":{"self":[{"href":"https:\/\/www.llamadaip.com\/blog\/wp-json\/wp\/v2\/posts\/2343","targetHints":{"allow":["GET"]}}],"collection":[{"href":"https:\/\/www.llamadaip.com\/blog\/wp-json\/wp\/v2\/posts"}],"about":[{"href":"https:\/\/www.llamadaip.com\/blog\/wp-json\/wp\/v2\/types\/post"}],"author":[{"embeddable":true,"href":"https:\/\/www.llamadaip.com\/blog\/wp-json\/wp\/v2\/users\/1"}],"replies":[{"embeddable":true,"href":"https:\/\/www.llamadaip.com\/blog\/wp-json\/wp\/v2\/comments?post=2343"}],"version-history":[{"count":5,"href":"https:\/\/www.llamadaip.com\/blog\/wp-json\/wp\/v2\/posts\/2343\/revisions"}],"predecessor-version":[{"id":2358,"href":"https:\/\/www.llamadaip.com\/blog\/wp-json\/wp\/v2\/posts\/2343\/revisions\/2358"}],"wp:featuredmedia":[{"embeddable":true,"href":"https:\/\/www.llamadaip.com\/blog\/wp-json\/wp\/v2\/media\/2354"}],"wp:attachment":[{"href":"https:\/\/www.llamadaip.com\/blog\/wp-json\/wp\/v2\/media?parent=2343"}],"wp:term":[{"taxonomy":"category","embeddable":true,"href":"https:\/\/www.llamadaip.com\/blog\/wp-json\/wp\/v2\/categories?post=2343"},{"taxonomy":"post_tag","embeddable":true,"href":"https:\/\/www.llamadaip.com\/blog\/wp-json\/wp\/v2\/tags?post=2343"}],"curies":[{"name":"wp","href":"https:\/\/api.w.org\/{rel}","templated":true}]}}