{"id":236,"date":"2017-07-24T18:14:42","date_gmt":"2017-07-24T21:14:42","guid":{"rendered":"http:\/\/www.llamadaip.com\/blog\/?p=2364"},"modified":"2020-02-11T11:04:04","modified_gmt":"2020-02-11T14:04:04","slug":"estuvimos-en-eletrolar-show-latinoamerica","status":"publish","type":"post","link":"https:\/\/www.llamadaip.com\/blog\/2017\/07\/24\/estuvimos-en-eletrolar-show-latinoamerica\/","title":{"rendered":"Estuvimos en Eletrolar Show Latinoam\u00e9rica"},"content":{"rendered":"<h3><span style=\"font-weight: 400;\"><span style=\"color: #ff9200;\">Del 17 al 20 de julio estuvimos en San Pablo, Brasil, participado de una de las feria de negocios y tecnolog\u00eda m\u00e1s importantes de la regi\u00f3n. Ac\u00e1 te contamos todos los detalles de nuestro stand.<\/span> <\/span><\/h3>\n<p><iframe loading=\"lazy\" width=\"840\" height=\"473\" src=\"https:\/\/www.youtube.com\/embed\/s5GSVItn99A?feature=oembed\" frameborder=\"0\" allow=\"accelerometer; autoplay; encrypted-media; gyroscope; picture-in-picture\" allowfullscreen><\/iframe><\/p>\n<p><span style=\"font-weight: 400;\">Fueron d\u00edas importantes, llenos de contenidos, charlas y nuevos conocimientos porque es fundamental para cualquier empresa mantenerse informada de las tendencias del mercado, avances y nuevos modos de hacer dentro del rubro. <\/span><\/p>\n<p><span style=\"font-weight: 400;\">Esta vez decidimos participar de una de las ferias con m\u00e1s peso de la regi\u00f3n <\/span><b>Eletrolar Show Latinoam\u00e9rica. <\/b><span style=\"font-weight: 400;\">Esta feria de negocios, electrodom\u00e9sticos y celulares, en su 12\u00b0 edici\u00f3n, recibi\u00f3 a m\u00e1s de 29 mil visitantes, 1.500 presidentes de empresas, 800 compradores regionales patrocinados por la organizaci\u00f3n, ejecutivos que deciden por m\u00e1s de 30 mil puntos de venta y otros 200 grandes compradores internacionales. Estos datos, sin duda, muestran la importancia de participar y conocer en qu\u00e9 se est\u00e1 trabajando a nivel regional para seguir creciendo. <\/span><\/p>\n<p><span style=\"font-weight: 400;\">Tambi\u00e9n participamos de las conferencias y encuentros del <\/span><b><i>Smartphone Congress, <\/i><\/b><span style=\"font-weight: 400;\">un \u00e1rea de trabajo exclusivo del mundo de los celulares. Estuvimos descubriendo nuevas APPs, software y hardware y tendencias en el mercado de la telefon\u00eda m\u00f3vil, sin duda, temas importantes para Llamada IP. <\/span><\/p>\n<p><span style=\"font-weight: 400;\">Fue una muy buena iniciativa armar un stand en esta feria porque pudimos exponer nuestros servicios y soluciones para las comunicaciones globales y adem\u00e1s, intercambiar puntos de vista con otras empresas del rubro.<\/span><\/p>\n<p>Para ver m\u00e1s videos de la feria: <a href=\"https:\/\/www.youtube.com\/watch?v=Ex6CbaXzjL8&amp;list=PL7TzH2FPVH7IJOeI74WrD9u1lcXCMusLu\" target=\"_blank\">Eletrolar Show 2017<\/a><\/p>\n<p><b>Notas relacionadas<\/b><\/p>\n<p><span style=\"font-weight: 400;\"><a href=\"https:\/\/www.llamadaip.com\/blog\/2017\/06\/29\/veni-a-la-expointernet-con-llamada-ip\/\" target=\"_blank\">\u00a1Ven\u00ed a la ExpoInternet con Llamada IP!<br \/>\n<\/a><\/span><a href=\"https:\/\/www.llamadaip.com\/blog\/2017\/07\/20\/nuevos-numeros-de-acceso-en-brasil\/\" target=\"_blank\">Nuevos n\u00fameros de acceso en Brasil<\/a><\/p>\n","protected":false},"excerpt":{"rendered":"<p>Del 17 al 20 de julio estuvimos en San Pablo, Brasil, participado de una de las feria de negocios y tecnolog\u00eda m\u00e1s importantes de la regi\u00f3n. Ac\u00e1 te contamos todos los detalles de nuestro stand. Fueron d\u00edas importantes, llenos de contenidos, charlas y nuevos conocimientos porque es fundamental para cualquier empresa mantenerse informada de las &hellip; <a href=\"https:\/\/www.llamadaip.com\/blog\/2017\/07\/24\/estuvimos-en-eletrolar-show-latinoamerica\/\" class=\"more-link\">Continuar leyendo<span class=\"screen-reader-text\"> &#8220;Estuvimos en Eletrolar Show Latinoam\u00e9rica&#8221;<\/span><\/a><\/p>\n","protected":false},"author":1,"featured_media":237,"comment_status":"closed","ping_status":"open","sticky":false,"template":"","format":"standard","meta":{"footnotes":""},"categories":[90],"tags":[9,13,11,6,10,14,12],"class_list":["post-236","post","type-post","status-publish","format-standard","has-post-thumbnail","hentry","category-llamadaip-com","tag-comunicacion","tag-conferencia","tag-global","tag-llamado","tag-mensaje","tag-pyme","tag-telefono"],"_links":{"self":[{"href":"https:\/\/www.llamadaip.com\/blog\/wp-json\/wp\/v2\/posts\/236","targetHints":{"allow":["GET"]}}],"collection":[{"href":"https:\/\/www.llamadaip.com\/blog\/wp-json\/wp\/v2\/posts"}],"about":[{"href":"https:\/\/www.llamadaip.com\/blog\/wp-json\/wp\/v2\/types\/post"}],"author":[{"embeddable":true,"href":"https:\/\/www.llamadaip.com\/blog\/wp-json\/wp\/v2\/users\/1"}],"replies":[{"embeddable":true,"href":"https:\/\/www.llamadaip.com\/blog\/wp-json\/wp\/v2\/comments?post=236"}],"version-history":[{"count":1,"href":"https:\/\/www.llamadaip.com\/blog\/wp-json\/wp\/v2\/posts\/236\/revisions"}],"predecessor-version":[{"id":1253,"href":"https:\/\/www.llamadaip.com\/blog\/wp-json\/wp\/v2\/posts\/236\/revisions\/1253"}],"wp:featuredmedia":[{"embeddable":true,"href":"https:\/\/www.llamadaip.com\/blog\/wp-json\/wp\/v2\/media\/237"}],"wp:attachment":[{"href":"https:\/\/www.llamadaip.com\/blog\/wp-json\/wp\/v2\/media?parent=236"}],"wp:term":[{"taxonomy":"category","embeddable":true,"href":"https:\/\/www.llamadaip.com\/blog\/wp-json\/wp\/v2\/categories?post=236"},{"taxonomy":"post_tag","embeddable":true,"href":"https:\/\/www.llamadaip.com\/blog\/wp-json\/wp\/v2\/tags?post=236"}],"curies":[{"name":"wp","href":"https:\/\/api.w.org\/{rel}","templated":true}]}}