{"id":2571,"date":"2023-05-24T12:42:27","date_gmt":"2023-05-24T15:42:27","guid":{"rendered":"https:\/\/www.llamadaip.com\/blog\/?p=2571"},"modified":"2023-05-30T17:10:41","modified_gmt":"2023-05-30T20:10:41","slug":"fuimos-parte-del-internet-day-2023","status":"publish","type":"post","link":"https:\/\/www.llamadaip.com\/blog\/2023\/05\/24\/fuimos-parte-del-internet-day-2023\/","title":{"rendered":"Fuimos parte del Internet Day 2023"},"content":{"rendered":"\n<h3 class=\"wp-block-heading\"><span style=\"color: #ff9200;\">Los pasados 16 y 17 de mayo, formamos parte de un panel especial en el que se abord\u00f3 el tema de la portabilidad fija y m\u00f3vil. Conoc\u00e9 los detalles.<\/span><\/h3>\n\n\n\n<p>Con motivo de la celebraci\u00f3n del D\u00eda Internacional de Internet, los pasados 16 y 17 de mayo se realiz\u00f3 el <a href=\"https:\/\/internetday.com.ar\/day\/\" target=\"_blank\" rel=\"noreferrer noopener\">Internet Day 2023<\/a>, organizado por la C\u00e1mara Argentina de Internet &#8211; CABASE. Llamada IP fue parte del evento como sponsor oficial.&nbsp;<\/p>\n\n\n\n<p>Se trat\u00f3 de un espacio de intercambio y debate sobre escenarios de la industria, las nuevas tecnolog\u00edas, nuevos modelos de negocios y el marco legal para desarrollarlos. Cont\u00f3 con una gran variedad de paneles y charlas, que tuvieron la participaci\u00f3n de cerca de 50 oradores nacionales e internacionales, m\u00e1s de 40 stands de distintas empresas y diversos espacios de networking.&nbsp;<\/p>\n\n\n\n<figure class=\"wp-block-embed is-type-video is-provider-youtube wp-block-embed-youtube wp-embed-aspect-16-9 wp-has-aspect-ratio\"><div class=\"wp-block-embed__wrapper\">\n<iframe loading=\"lazy\" title=\"ID 2023 - Portabilidad num\u00e9rica, telefon\u00eda: actualizaci\u00f3n y desaf\u00edos.\" width=\"840\" height=\"473\" src=\"https:\/\/www.youtube.com\/embed\/dSMjbzfIG60?feature=oembed\" frameborder=\"0\" allow=\"accelerometer; autoplay; clipboard-write; encrypted-media; gyroscope; picture-in-picture; web-share\" allowfullscreen><\/iframe>\n<\/div><\/figure>\n\n\n\n<p>Nacho Ribeiro, CEO de Llamada IP y vicepresidente de CABASE, form\u00f3 parte de un panel especial en el que se abord\u00f3 el tema de la portabilidad fija y m\u00f3vil, junto a Alberto Apablaza, representante de Administradora de la Portabilidad Num\u00e9rica Argentina S.A. y Director &amp; Account Manager en iConectiv, y con la participaci\u00f3n de Jeff Pulver, pionero en el campo de Voz sobre Protocolo de Internet (VoIP) y defensor l\u00edder de la libertad en internet.<\/p>\n\n\n\n<figure class=\"wp-block-embed is-type-video is-provider-youtube wp-block-embed-youtube wp-embed-aspect-16-9 wp-has-aspect-ratio\"><div class=\"wp-block-embed__wrapper\">\n<iframe loading=\"lazy\" title=\"Entrevista a Jeff Pulver en el Internet Day 2023\" width=\"840\" height=\"473\" src=\"https:\/\/www.youtube.com\/embed\/Dj_aiXugd04?feature=oembed\" frameborder=\"0\" allow=\"accelerometer; autoplay; clipboard-write; encrypted-media; gyroscope; picture-in-picture; web-share\" allowfullscreen><\/iframe>\n<\/div><\/figure>\n\n\n\n<p>A su vez, Nacho Ribeiro moder\u00f3 el panel \u201cVida digital. Aplicaciones y soluciones cruzadas transversalmente por la conectividad. Blockchain, Identidad y Firmas digitales, Contratos inteligentes, Espacios de trabajo h\u00edbridos, seguridad de los documentos\u201d con reconocidos oradores: Gonzalo Blousson, Co-Founder \/ CEO en Signatura,\u00a0 Manuel Beaudroit, Co-founder &amp; CEO at Belo y Mar\u00eda Munaro, Solutions Architect \/ Blockchain.\u00a0<\/p>\n\n\n\n<figure class=\"wp-block-image size-large\"><img loading=\"lazy\" decoding=\"async\" width=\"1024\" height=\"683\" src=\"https:\/\/www.llamadaip.com\/blog\/wp-content\/uploads\/2023\/05\/fotito-blockchain-1024x683.jpeg\" alt=\"\" class=\"wp-image-2581\" srcset=\"https:\/\/www.llamadaip.com\/blog\/wp-content\/uploads\/2023\/05\/fotito-blockchain-1024x683.jpeg 1024w, https:\/\/www.llamadaip.com\/blog\/wp-content\/uploads\/2023\/05\/fotito-blockchain-300x200.jpeg 300w, https:\/\/www.llamadaip.com\/blog\/wp-content\/uploads\/2023\/05\/fotito-blockchain-768x512.jpeg 768w, https:\/\/www.llamadaip.com\/blog\/wp-content\/uploads\/2023\/05\/fotito-blockchain-1200x800.jpeg 1200w, https:\/\/www.llamadaip.com\/blog\/wp-content\/uploads\/2023\/05\/fotito-blockchain.jpeg 1500w\" sizes=\"auto, (max-width: 709px) 85vw, (max-width: 909px) 67vw, (max-width: 1362px) 62vw, 840px\" \/><\/figure>\n\n\n\n<p>Recordamos que, desde Llamada IP NET ofrece conexiones con baja latencia para disminuir la p\u00e9rdida de datos, lo que tambi\u00e9n es muy beneficioso para las actividades relacionadas&nbsp;al blockchain. Compartimos un art\u00edculo que escribimos sobre <a rel=\"noreferrer noopener\" href=\"https:\/\/www.llamadaip.com\/blog\/2021\/02\/26\/la-calidad-de-la-conexion-de-internet-afecta-el-funcionamiento-del-blockchain\/\" target=\"_blank\">c\u00f3mo la calidad de internet afecta al funcionamiento del blockchain<\/a>.<\/p>\n\n\n\n<p>Desde Llamada IP buscamos participar de estos eventos para conocer todas las innovaciones de la industria y las experiencias de otras empresas, y para hacer sinergia con actores relevantes de cada rubro.&nbsp;<\/p>\n\n\n\n<p><strong>NOTAS RELACIONADAS<\/strong><br><a rel=\"noreferrer noopener\" href=\"https:\/\/www.llamadaip.com\/blog\/2020\/03\/24\/llamadaip-net-conectado-a-la-red-nacional-de-cabase\/\" target=\"_blank\">LlamadaIP.NET conectado a la red nacional de CABASE<\/a><br><a rel=\"noreferrer noopener\" href=\"https:\/\/www.llamadaip.com\/blog\/2022\/12\/14\/nuestros-encuentros-de-fin-de-ano\/\" target=\"_blank\">Nuestros encuentros de fin de a\u00f1o<\/a><\/p>\n","protected":false},"excerpt":{"rendered":"<p>Los pasados 16 y 17 de mayo, formamos parte de un panel especial en el que se abord\u00f3 el tema de la portabilidad fija y m\u00f3vil. Conoc\u00e9 los detalles. Con motivo de la celebraci\u00f3n del D\u00eda Internacional de Internet, los pasados 16 y 17 de mayo se realiz\u00f3 el Internet Day 2023, organizado por la &hellip; <a href=\"https:\/\/www.llamadaip.com\/blog\/2023\/05\/24\/fuimos-parte-del-internet-day-2023\/\" class=\"more-link\">Continuar leyendo<span class=\"screen-reader-text\"> &#8220;Fuimos parte del Internet Day 2023&#8221;<\/span><\/a><\/p>\n","protected":false},"author":1,"featured_media":2573,"comment_status":"closed","ping_status":"closed","sticky":false,"template":"","format":"standard","meta":{"footnotes":""},"categories":[90],"tags":[],"class_list":["post-2571","post","type-post","status-publish","format-standard","has-post-thumbnail","hentry","category-llamadaip-com"],"_links":{"self":[{"href":"https:\/\/www.llamadaip.com\/blog\/wp-json\/wp\/v2\/posts\/2571","targetHints":{"allow":["GET"]}}],"collection":[{"href":"https:\/\/www.llamadaip.com\/blog\/wp-json\/wp\/v2\/posts"}],"about":[{"href":"https:\/\/www.llamadaip.com\/blog\/wp-json\/wp\/v2\/types\/post"}],"author":[{"embeddable":true,"href":"https:\/\/www.llamadaip.com\/blog\/wp-json\/wp\/v2\/users\/1"}],"replies":[{"embeddable":true,"href":"https:\/\/www.llamadaip.com\/blog\/wp-json\/wp\/v2\/comments?post=2571"}],"version-history":[{"count":5,"href":"https:\/\/www.llamadaip.com\/blog\/wp-json\/wp\/v2\/posts\/2571\/revisions"}],"predecessor-version":[{"id":2582,"href":"https:\/\/www.llamadaip.com\/blog\/wp-json\/wp\/v2\/posts\/2571\/revisions\/2582"}],"wp:featuredmedia":[{"embeddable":true,"href":"https:\/\/www.llamadaip.com\/blog\/wp-json\/wp\/v2\/media\/2573"}],"wp:attachment":[{"href":"https:\/\/www.llamadaip.com\/blog\/wp-json\/wp\/v2\/media?parent=2571"}],"wp:term":[{"taxonomy":"category","embeddable":true,"href":"https:\/\/www.llamadaip.com\/blog\/wp-json\/wp\/v2\/categories?post=2571"},{"taxonomy":"post_tag","embeddable":true,"href":"https:\/\/www.llamadaip.com\/blog\/wp-json\/wp\/v2\/tags?post=2571"}],"curies":[{"name":"wp","href":"https:\/\/api.w.org\/{rel}","templated":true}]}}