{"id":2618,"date":"2023-07-18T11:34:01","date_gmt":"2023-07-18T14:34:01","guid":{"rendered":"https:\/\/www.llamadaip.com\/blog\/?p=2618"},"modified":"2023-07-18T15:31:42","modified_gmt":"2023-07-18T18:31:42","slug":"somos-parte-de-la-electronics-home-2023","status":"publish","type":"post","link":"https:\/\/www.llamadaip.com\/blog\/2023\/07\/18\/somos-parte-de-la-electronics-home-2023\/","title":{"rendered":"Somos parte de la Electronics Home 2023"},"content":{"rendered":"\n<h3 class=\"wp-block-heading\"><span style=\"color: #ff9200;\">Hasta el 19 de julio estaremos presentes en la Electronics Home, \u00a1est\u00e1n todos invitados a visitarnos!<\/span><\/h3>\n\n\n\n<p>Electronics Home es un evento comercial enfocado en productos electr\u00f3nicos de consumo, electrodom\u00e9sticos grandes y peque\u00f1os, art\u00edculos para el hogar y afines, tel\u00e9fonos m\u00f3viles e inform\u00e1tica de Argentina y la regi\u00f3n. Con casi 300 metros cubiertos, la expo 2023 se inaugur\u00f3 con \u00e9xito y amplia asistencia.<\/p>\n\n\n\n<figure class=\"wp-block-embed is-type-video is-provider-youtube wp-block-embed-youtube wp-embed-aspect-16-9 wp-has-aspect-ratio\"><div class=\"wp-block-embed__wrapper\">\n<iframe loading=\"lazy\" title=\"Electronics Home 2023\" width=\"840\" height=\"473\" src=\"https:\/\/www.youtube.com\/embed\/egKJ3hVnn08?feature=oembed\" frameborder=\"0\" allow=\"accelerometer; autoplay; clipboard-write; encrypted-media; gyroscope; picture-in-picture; web-share\" allowfullscreen><\/iframe>\n<\/div><\/figure>\n\n\n\n<p>Este evento se estar\u00e1 realizando los d\u00edas 17, 18 y 19 de julio en Costa Salguero, Buenos Aires, entre las 13 y las 20 hs. Llamada IP est\u00e1 presente en el stand n\u00famero B17. \u00a1Te esperamos!<\/p>\n\n\n\n<figure class=\"wp-block-embed is-type-video is-provider-youtube wp-block-embed-youtube wp-embed-aspect-16-9 wp-has-aspect-ratio\"><div class=\"wp-block-embed__wrapper\">\n<iframe loading=\"lazy\" title=\"Electronics Home 2023\" width=\"840\" height=\"473\" src=\"https:\/\/www.youtube.com\/embed\/1u4i3W58_E4?feature=oembed\" frameborder=\"0\" allow=\"accelerometer; autoplay; clipboard-write; encrypted-media; gyroscope; picture-in-picture; web-share\" allowfullscreen><\/iframe>\n<\/div><\/figure>\n\n\n\n<p><strong>Pod\u00e9s inscribirte a Electronics Home ac\u00e1 <\/strong><a href=\"https:\/\/electronicshomeargentina.com\/\" target=\"_blank\" rel=\"noreferrer noopener\"><strong>https:\/\/electronicshomeargentina.com\/<\/strong><\/a><\/p>\n\n\n\n<p>Electronics Home acerca a la industria y a los comercios de todos los tama\u00f1os un nuevo espacio para facilitar alianzas, mejorar las relaciones existentes y promover nuevos negocios. Dise\u00f1ada con un concepto B2B, la feria tiene una cobertura internacional centrada exclusivamente en el retail.<\/p>\n\n\n\n<p>Durante los primeros d\u00edas de julio, tambi\u00e9n participamos de la <a href=\"https:\/\/eletrolarshow.com.br\/pt\/\" target=\"_blank\" rel=\"noreferrer noopener\">Expo Electrolar<\/a> en Brasil. All\u00ed fuimos parte del proyecto Casa Inteligente.&nbsp;<\/p>\n\n\n\n<figure class=\"wp-block-embed is-type-video is-provider-youtube wp-block-embed-youtube wp-embed-aspect-4-3 wp-has-aspect-ratio\"><div class=\"wp-block-embed__wrapper\">\n<iframe loading=\"lazy\" title=\"Electronics Home 2023\" width=\"840\" height=\"630\" src=\"https:\/\/www.youtube.com\/embed\/UTlNEsL1J7Q?feature=oembed\" frameborder=\"0\" allow=\"accelerometer; autoplay; clipboard-write; encrypted-media; gyroscope; picture-in-picture; web-share\" allowfullscreen><\/iframe>\n<\/div><\/figure>\n\n\n\n<p>Seguimos creciendo y formando parte de estos espacios de sinergia.<\/p>\n","protected":false},"excerpt":{"rendered":"<p>Hasta el 19 de julio estaremos presentes en la Electronics Home, \u00a1est\u00e1n todos invitados a visitarnos! Electronics Home es un evento comercial enfocado en productos electr\u00f3nicos de consumo, electrodom\u00e9sticos grandes y peque\u00f1os, art\u00edculos para el hogar y afines, tel\u00e9fonos m\u00f3viles e inform\u00e1tica de Argentina y la regi\u00f3n. Con casi 300 metros cubiertos, la expo 2023 &hellip; <a href=\"https:\/\/www.llamadaip.com\/blog\/2023\/07\/18\/somos-parte-de-la-electronics-home-2023\/\" class=\"more-link\">Continuar leyendo<span class=\"screen-reader-text\"> &#8220;Somos parte de la Electronics Home 2023&#8221;<\/span><\/a><\/p>\n","protected":false},"author":1,"featured_media":2619,"comment_status":"closed","ping_status":"closed","sticky":false,"template":"","format":"standard","meta":{"footnotes":""},"categories":[90],"tags":[],"class_list":["post-2618","post","type-post","status-publish","format-standard","has-post-thumbnail","hentry","category-llamadaip-com"],"_links":{"self":[{"href":"https:\/\/www.llamadaip.com\/blog\/wp-json\/wp\/v2\/posts\/2618","targetHints":{"allow":["GET"]}}],"collection":[{"href":"https:\/\/www.llamadaip.com\/blog\/wp-json\/wp\/v2\/posts"}],"about":[{"href":"https:\/\/www.llamadaip.com\/blog\/wp-json\/wp\/v2\/types\/post"}],"author":[{"embeddable":true,"href":"https:\/\/www.llamadaip.com\/blog\/wp-json\/wp\/v2\/users\/1"}],"replies":[{"embeddable":true,"href":"https:\/\/www.llamadaip.com\/blog\/wp-json\/wp\/v2\/comments?post=2618"}],"version-history":[{"count":2,"href":"https:\/\/www.llamadaip.com\/blog\/wp-json\/wp\/v2\/posts\/2618\/revisions"}],"predecessor-version":[{"id":2637,"href":"https:\/\/www.llamadaip.com\/blog\/wp-json\/wp\/v2\/posts\/2618\/revisions\/2637"}],"wp:featuredmedia":[{"embeddable":true,"href":"https:\/\/www.llamadaip.com\/blog\/wp-json\/wp\/v2\/media\/2619"}],"wp:attachment":[{"href":"https:\/\/www.llamadaip.com\/blog\/wp-json\/wp\/v2\/media?parent=2618"}],"wp:term":[{"taxonomy":"category","embeddable":true,"href":"https:\/\/www.llamadaip.com\/blog\/wp-json\/wp\/v2\/categories?post=2618"},{"taxonomy":"post_tag","embeddable":true,"href":"https:\/\/www.llamadaip.com\/blog\/wp-json\/wp\/v2\/tags?post=2618"}],"curies":[{"name":"wp","href":"https:\/\/api.w.org\/{rel}","templated":true}]}}