{"id":262,"date":"2017-06-08T18:42:49","date_gmt":"2017-06-08T21:42:49","guid":{"rendered":"http:\/\/www.llamadaip.com\/blog\/?p=2292"},"modified":"2020-02-11T11:02:03","modified_gmt":"2020-02-11T14:02:03","slug":"discurso-del-ministro-oscar-aguad-en-evento-internet-day-2017","status":"publish","type":"post","link":"https:\/\/www.llamadaip.com\/blog\/2017\/06\/08\/discurso-del-ministro-oscar-aguad-en-evento-internet-day-2017\/","title":{"rendered":"Discurso del Ministro Oscar Aguad en evento Internet Day 2017"},"content":{"rendered":"<h3><span style=\"font-weight: 400; color: #ff9200;\">El mes pasado participamos de este evento organizado por CABASE que nos permiti\u00f3 conocer otras experiencias dentro de la industria, as\u00ed como comprender el avance de la tecnolog\u00eda y las oportunidades de crecimiento.<\/span><\/h3>\n<p><span style=\"font-weight: 400;\">Aqu\u00ed dejamos el discurso de Ministro Oscar Aguad. Entre sus palabras, destacamos la menci\u00f3n y preocupaci\u00f3n por el sector m\u00e1s peque\u00f1o de la industria. <\/span><i><span style=\"font-weight: 400;\">&#8220;Yo pienso todo el d\u00eda en qu\u00e9 espectro queda para las Pymes y las Cooperativas en el pa\u00eds, para que puedan brindar movilidad, y tambi\u00e9n discutir la interconexi\u00f3n ip. Necesitamos apertura a la competencia en serio. Ustedes son un socio estrat\u00e9gico y los necesitamos<\/span><\/i><span style=\"font-weight: 400;\">&#8221; fueron las palabras de Aguad frente a un auditorio lleno de representantes y referentes de la industria.<\/span><\/p>\n<p><iframe loading=\"lazy\" width=\"840\" height=\"473\" src=\"https:\/\/www.youtube.com\/embed\/Udk8Q7_pVOY?feature=oembed\" frameborder=\"0\" allow=\"accelerometer; autoplay; encrypted-media; gyroscope; picture-in-picture\" allowfullscreen><\/iframe><\/p>\n<p><strong>Notas relacionadas<\/strong><\/p>\n<p><a href=\"https:\/\/www.llamadaip.com\/blog\/2017\/05\/17\/celebremos-el-dia-internacional-de-internet\/\" target=\"_blank\"><span style=\"font-weight: 400;\">Celebremos el D\u00eda Internacional de Internet<br \/>\n<\/span><\/a><a href=\"https:\/\/www.llamadaip.com\/blog\/2017\/04\/20\/somos-socios-activos-de-cabase\/\" target=\"_blank\"><span style=\"font-weight: 400;\">\u00a1Somos socios activos de CABASE!<\/span><\/a><\/p>\n","protected":false},"excerpt":{"rendered":"<p>El mes pasado participamos de este evento organizado por CABASE que nos permiti\u00f3 conocer otras experiencias dentro de la industria, as\u00ed como comprender el avance de la tecnolog\u00eda y las oportunidades de crecimiento. Aqu\u00ed dejamos el discurso de Ministro Oscar Aguad. Entre sus palabras, destacamos la menci\u00f3n y preocupaci\u00f3n por el sector m\u00e1s peque\u00f1o de &hellip; <a href=\"https:\/\/www.llamadaip.com\/blog\/2017\/06\/08\/discurso-del-ministro-oscar-aguad-en-evento-internet-day-2017\/\" class=\"more-link\">Continuar leyendo<span class=\"screen-reader-text\"> &#8220;Discurso del Ministro Oscar Aguad en evento Internet Day 2017&#8221;<\/span><\/a><\/p>\n","protected":false},"author":1,"featured_media":263,"comment_status":"closed","ping_status":"open","sticky":false,"template":"","format":"standard","meta":{"footnotes":""},"categories":[90],"tags":[9,13,11,6,10,14,12],"class_list":["post-262","post","type-post","status-publish","format-standard","has-post-thumbnail","hentry","category-llamadaip-com","tag-comunicacion","tag-conferencia","tag-global","tag-llamado","tag-mensaje","tag-pyme","tag-telefono"],"_links":{"self":[{"href":"https:\/\/www.llamadaip.com\/blog\/wp-json\/wp\/v2\/posts\/262","targetHints":{"allow":["GET"]}}],"collection":[{"href":"https:\/\/www.llamadaip.com\/blog\/wp-json\/wp\/v2\/posts"}],"about":[{"href":"https:\/\/www.llamadaip.com\/blog\/wp-json\/wp\/v2\/types\/post"}],"author":[{"embeddable":true,"href":"https:\/\/www.llamadaip.com\/blog\/wp-json\/wp\/v2\/users\/1"}],"replies":[{"embeddable":true,"href":"https:\/\/www.llamadaip.com\/blog\/wp-json\/wp\/v2\/comments?post=262"}],"version-history":[{"count":1,"href":"https:\/\/www.llamadaip.com\/blog\/wp-json\/wp\/v2\/posts\/262\/revisions"}],"predecessor-version":[{"id":1241,"href":"https:\/\/www.llamadaip.com\/blog\/wp-json\/wp\/v2\/posts\/262\/revisions\/1241"}],"wp:featuredmedia":[{"embeddable":true,"href":"https:\/\/www.llamadaip.com\/blog\/wp-json\/wp\/v2\/media\/263"}],"wp:attachment":[{"href":"https:\/\/www.llamadaip.com\/blog\/wp-json\/wp\/v2\/media?parent=262"}],"wp:term":[{"taxonomy":"category","embeddable":true,"href":"https:\/\/www.llamadaip.com\/blog\/wp-json\/wp\/v2\/categories?post=262"},{"taxonomy":"post_tag","embeddable":true,"href":"https:\/\/www.llamadaip.com\/blog\/wp-json\/wp\/v2\/tags?post=262"}],"curies":[{"name":"wp","href":"https:\/\/api.w.org\/{rel}","templated":true}]}}