{"id":2712,"date":"2023-11-25T10:42:00","date_gmt":"2023-11-25T13:42:00","guid":{"rendered":"https:\/\/www.llamadaip.com\/blog\/?p=2712"},"modified":"2023-12-11T17:42:50","modified_gmt":"2023-12-11T20:42:50","slug":"nuestros-encuentros-de-fin-de-ano-2","status":"publish","type":"post","link":"https:\/\/www.llamadaip.com\/blog\/2023\/11\/25\/nuestros-encuentros-de-fin-de-ano-2\/","title":{"rendered":"Nuestros encuentros de fin de a\u00f1o"},"content":{"rendered":"\n<h3 class=\"wp-block-heading\"><span style=\"color: #ff9200;\">Durante este \u00faltimo mes, hemos participado de distintos eventos de la industria con el objetivo de seguir creciendo, intercambiando experiencias con otras empresas y capacit\u00e1ndonos t\u00e9cnica y comercialmente para brindar un mejor servicio.<\/span><\/h3>\n\n\n\n<p>Sabemos que encontrarnos con otras empresas y actores nos permite conocer nuevos puntos de vista, sobre todo si se trata de encuentros internacionales que, adem\u00e1s, nos permiten acceder a tendencias para aprender sobre la evoluci\u00f3n del mercado local y mundial.&nbsp;<\/p>\n\n\n\n<p><strong>XIX Encuentro Nacional de T\u00e9cnicos<\/strong><\/p>\n\n\n\n<figure class=\"wp-block-image size-large\"><img loading=\"lazy\" decoding=\"async\" width=\"1024\" height=\"256\" src=\"https:\/\/www.llamadaip.com\/blog\/wp-content\/uploads\/2023\/11\/fotos-et-1024x256.jpg\" alt=\"\" class=\"wp-image-2727\" srcset=\"https:\/\/www.llamadaip.com\/blog\/wp-content\/uploads\/2023\/11\/fotos-et-1024x256.jpg 1024w, https:\/\/www.llamadaip.com\/blog\/wp-content\/uploads\/2023\/11\/fotos-et-300x75.jpg 300w, https:\/\/www.llamadaip.com\/blog\/wp-content\/uploads\/2023\/11\/fotos-et-768x192.jpg 768w, https:\/\/www.llamadaip.com\/blog\/wp-content\/uploads\/2023\/11\/fotos-et.jpg 1200w\" sizes=\"auto, (max-width: 709px) 85vw, (max-width: 909px) 67vw, (max-width: 1362px) 62vw, 840px\" \/><\/figure>\n\n\n\n<p>El 9 y 10 de noviembre, parte de nuestro equipo asisti\u00f3 al <a href=\"https:\/\/www.linkedin.com\/posts\/nachoribeiro_las-toninas-recibi%C3%B3-al-xix-encuentro-nacional-activity-7131967207277813760-FrAW?utm_source=share&amp;utm_medium=member_desktop\" target=\"_blank\" rel=\"noreferrer noopener\">XIX Encuentro Nacional de T\u00e9cnicos en Las Toninas<\/a>, un encuentro que tiene como objetivo mejorar la calidad de los servicios de Internet que se ofrecen en el pa\u00eds. A trav\u00e9s de esta iniciativa federal, la locaci\u00f3n de los encuentros va rotando por diferentes ciudades del pa\u00eds, acercando este espacio de formaci\u00f3n a los miembros de la comunidad t\u00e9cnica.&nbsp;<\/p>\n\n\n\n<p>Este a\u00f1o el punto de encuentro fue en Las Toninas, donde se encuentra el KM 0 de internet en Argentina, por ser el punto de&nbsp; entrada de los cables submarinos de fibra \u00f3ptica que nos conectan con el mundo.&nbsp;<\/p>\n\n\n\n<figure class=\"wp-block-embed is-type-video is-provider-youtube wp-block-embed-youtube wp-embed-aspect-4-3 wp-has-aspect-ratio\"><div class=\"wp-block-embed__wrapper\">\n<iframe loading=\"lazy\" title=\"Las Toninas recibi\u00f3 al XIX Encuentro Nacional de T\u00e9cnicos\" width=\"840\" height=\"630\" src=\"https:\/\/www.youtube.com\/embed\/jbIGWKqB8MQ?feature=oembed\" frameborder=\"0\" allow=\"accelerometer; autoplay; clipboard-write; encrypted-media; gyroscope; picture-in-picture; web-share\" allowfullscreen><\/iframe>\n<\/div><\/figure>\n\n\n\n<p><strong>Latin America Wholesale Congress 2023<\/strong><\/p>\n\n\n\n<figure class=\"wp-block-image size-large\"><img loading=\"lazy\" decoding=\"async\" width=\"1024\" height=\"256\" src=\"https:\/\/www.llamadaip.com\/blog\/wp-content\/uploads\/2023\/12\/fotos-lawc-1024x256.jpg\" alt=\"\" class=\"wp-image-2728\" srcset=\"https:\/\/www.llamadaip.com\/blog\/wp-content\/uploads\/2023\/12\/fotos-lawc-1024x256.jpg 1024w, https:\/\/www.llamadaip.com\/blog\/wp-content\/uploads\/2023\/12\/fotos-lawc-300x75.jpg 300w, https:\/\/www.llamadaip.com\/blog\/wp-content\/uploads\/2023\/12\/fotos-lawc-768x192.jpg 768w, https:\/\/www.llamadaip.com\/blog\/wp-content\/uploads\/2023\/12\/fotos-lawc.jpg 1200w\" sizes=\"auto, (max-width: 709px) 85vw, (max-width: 909px) 67vw, (max-width: 1362px) 62vw, 840px\" \/><\/figure>\n\n\n\n<p>Los pasados 15 y 16 de noviembre, Nacho Ribeiro, CEO de Llamada IP, estuvo presente en <a href=\"https:\/\/www.linkedin.com\/posts\/nachoribeiro_telefonia-portabilidad-argentina-activity-7130325500580745216-7VKn?utm_source=share&amp;utm_medium=member_desktop\" target=\"_blank\" rel=\"noreferrer noopener\">LAWC 2023<\/a> para intercambiar ideas con otros actores de esta industria sobre la portabilidad en la telefon\u00eda fija, el Administrador de la Base de Datos (ABD), el estado actual de la telefon\u00eda argentina y las posibilidades de evoluci\u00f3n y modernizaci\u00f3n del sistema.&nbsp;&nbsp;<\/p>\n\n\n\n<p><em>\u201cEste tipo de eventos resultan muy importantes para el TEL-XP, ya que el Telephone Exchange Point en la C\u00e1mara Argentina de Internet &#8211; CABASE interconecta a m\u00e1s de 30 operadores de Argentina, integr\u00e1ndose al Administrador de la Base de Datos (ABD) de Portabilidad Fija\u201d<\/em> explic\u00f3 Nacho Ribeiro. LAWC es uno de los congresos m\u00e1s importantes de la regi\u00f3n y re\u00fane a toda la industria con participantes de todas las \u00e1reas de las telecomunicaciones.<\/p>\n\n\n\n<p><strong>CAPER SHOW 2023<\/strong><\/p>\n\n\n\n<figure class=\"wp-block-image size-large\"><img loading=\"lazy\" decoding=\"async\" width=\"1024\" height=\"256\" src=\"https:\/\/www.llamadaip.com\/blog\/wp-content\/uploads\/2023\/12\/fotos-caper-1024x256.jpg\" alt=\"\" class=\"wp-image-2735\" srcset=\"https:\/\/www.llamadaip.com\/blog\/wp-content\/uploads\/2023\/12\/fotos-caper-1024x256.jpg 1024w, https:\/\/www.llamadaip.com\/blog\/wp-content\/uploads\/2023\/12\/fotos-caper-300x75.jpg 300w, https:\/\/www.llamadaip.com\/blog\/wp-content\/uploads\/2023\/12\/fotos-caper-768x192.jpg 768w, https:\/\/www.llamadaip.com\/blog\/wp-content\/uploads\/2023\/12\/fotos-caper.jpg 1200w\" sizes=\"auto, (max-width: 709px) 85vw, (max-width: 909px) 67vw, (max-width: 1362px) 62vw, 840px\" \/><\/figure>\n\n\n\n<p><a href=\"https:\/\/www.caper.org.ar\/la_expo.php\">CAPER SHOW 2023<\/a>, que este a\u00f1o cont\u00f3 con la asistencia de m\u00e1s de 5000 asistentes, es un evento organizado por la C\u00e1mara Argentina de Proveedores y Fabricantes de Equipamiento Audiovisual Profesional que  convoca a profesionales de la industria&nbsp; audiovisual de Argentina y Latinoam\u00e9rica; mostrando la nueva oferta tecnol\u00f3gica, capacitaciones, workshops, seminarios, talleres especializados y conferencias. Llamada IP estuvo presente.<\/p>\n\n\n\n<p><strong>Encuentro nacional de la C\u00e1mara Argentina de Peque\u00f1os Proveedores de Internet (CAPPI)<\/strong><\/p>\n\n\n\n<figure class=\"wp-block-image size-large\"><img loading=\"lazy\" decoding=\"async\" width=\"1024\" height=\"256\" src=\"https:\/\/www.llamadaip.com\/blog\/wp-content\/uploads\/2023\/12\/fotos-cappi-1024x256.jpg\" alt=\"\" class=\"wp-image-2729\" srcset=\"https:\/\/www.llamadaip.com\/blog\/wp-content\/uploads\/2023\/12\/fotos-cappi-1024x256.jpg 1024w, https:\/\/www.llamadaip.com\/blog\/wp-content\/uploads\/2023\/12\/fotos-cappi-300x75.jpg 300w, https:\/\/www.llamadaip.com\/blog\/wp-content\/uploads\/2023\/12\/fotos-cappi-768x192.jpg 768w, https:\/\/www.llamadaip.com\/blog\/wp-content\/uploads\/2023\/12\/fotos-cappi.jpg 1200w\" sizes=\"auto, (max-width: 709px) 85vw, (max-width: 909px) 67vw, (max-width: 1362px) 62vw, 840px\" \/><\/figure>\n\n\n\n<p>Este <a href=\"https:\/\/www.cappi.org.ar\/\" target=\"_blank\" rel=\"noreferrer noopener\">evento anual de CAPPI<\/a>&nbsp; tiene como principal objetivo generar un espacio de alianzas y trabajar en sinergia para el desarrollo de proyectos en conjunto. A su vez, se promueve la actualizaci\u00f3n profesional y el intercambio de pr\u00e1cticas para impulsar el buen funcionamiento del ecosistema de la industria, con el objetivo de potenciar la conectividad en cada rinc\u00f3n del pa\u00eds.&nbsp;<\/p>\n\n\n\n<p><strong>Asamblea <\/strong><strong>y brindis de fin de a\u00f1o de CABASE<\/strong><\/p>\n\n\n\n<figure class=\"wp-block-image size-large\"><img loading=\"lazy\" decoding=\"async\" width=\"1024\" height=\"256\" src=\"https:\/\/www.llamadaip.com\/blog\/wp-content\/uploads\/2023\/12\/fotos-cabase-1024x256.jpg\" alt=\"\" class=\"wp-image-2730\" srcset=\"https:\/\/www.llamadaip.com\/blog\/wp-content\/uploads\/2023\/12\/fotos-cabase-1024x256.jpg 1024w, https:\/\/www.llamadaip.com\/blog\/wp-content\/uploads\/2023\/12\/fotos-cabase-300x75.jpg 300w, https:\/\/www.llamadaip.com\/blog\/wp-content\/uploads\/2023\/12\/fotos-cabase-768x192.jpg 768w, https:\/\/www.llamadaip.com\/blog\/wp-content\/uploads\/2023\/12\/fotos-cabase.jpg 1200w\" sizes=\"auto, (max-width: 709px) 85vw, (max-width: 909px) 67vw, (max-width: 1362px) 62vw, 840px\" \/><\/figure>\n\n\n\n<p>En esta oportunidad, adem\u00e1s de brindar por los logros del 2023 y por el final de un a\u00f1o desafiante, los socios de la C\u00e1mara Argentina de Internet votaron para renovar autoridades. <a href=\"https:\/\/www.linkedin.com\/posts\/nachoribeiro_internet-telefonia-portabilidad-activity-7001587143433142272-SmNp\/?utm_source=share&amp;utm_medium=member_desktop\" target=\"_blank\" rel=\"noreferrer noopener\">Nacho Ribeiro<\/a>, nuestro CEO y Vicepresidente TEL XP en CABASE, estuvo presente en nombre de Llamada IP.<\/p>\n\n\n\n<p><strong>IDEA Pyme<\/strong><\/p>\n\n\n\n<figure class=\"wp-block-image size-large\"><img loading=\"lazy\" decoding=\"async\" width=\"1024\" height=\"256\" src=\"https:\/\/www.llamadaip.com\/blog\/wp-content\/uploads\/2023\/12\/fotos-idea-1024x256.jpg\" alt=\"\" class=\"wp-image-2736\" srcset=\"https:\/\/www.llamadaip.com\/blog\/wp-content\/uploads\/2023\/12\/fotos-idea-1024x256.jpg 1024w, https:\/\/www.llamadaip.com\/blog\/wp-content\/uploads\/2023\/12\/fotos-idea-300x75.jpg 300w, https:\/\/www.llamadaip.com\/blog\/wp-content\/uploads\/2023\/12\/fotos-idea-768x192.jpg 768w, https:\/\/www.llamadaip.com\/blog\/wp-content\/uploads\/2023\/12\/fotos-idea.jpg 1200w\" sizes=\"auto, (max-width: 709px) 85vw, (max-width: 909px) 67vw, (max-width: 1362px) 62vw, 840px\" \/><\/figure>\n\n\n\n<p>Formamos parte de la jornada exclusiva de las&nbsp;<a href=\"https:\/\/pyme.idea.org.ar\/\">Charlas Abiertas Pyme<\/a>, donde nos dedicamos a la expusimos e intercambiamos ideas en torno a los temas claves del sector, a fin de construir una agenda de trabajo e incidencia&nbsp;de&nbsp;cara&nbsp;a&nbsp;2024. Trabajamos en tem\u00e1ticas como el desarrollo econ\u00f3mico, marco impositivo argentino, generaci\u00f3n de empleo y casos de \u00e9xitos de pymes y empresas, entre otros.&nbsp;&nbsp;<\/p>\n\n\n\n<p>\u00a1Seguimos avanzando!<\/p>\n","protected":false},"excerpt":{"rendered":"<p>Durante este \u00faltimo mes, hemos participado de distintos eventos de la industria con el objetivo de seguir creciendo, intercambiando experiencias con otras empresas y capacit\u00e1ndonos t\u00e9cnica y comercialmente para brindar un mejor servicio. Sabemos que encontrarnos con otras empresas y actores nos permite conocer nuevos puntos de vista, sobre todo si se trata de encuentros &hellip; <a href=\"https:\/\/www.llamadaip.com\/blog\/2023\/11\/25\/nuestros-encuentros-de-fin-de-ano-2\/\" class=\"more-link\">Continuar leyendo<span class=\"screen-reader-text\"> &#8220;Nuestros encuentros de fin de a\u00f1o&#8221;<\/span><\/a><\/p>\n","protected":false},"author":1,"featured_media":2715,"comment_status":"closed","ping_status":"closed","sticky":false,"template":"","format":"standard","meta":{"footnotes":""},"categories":[90],"tags":[],"class_list":["post-2712","post","type-post","status-publish","format-standard","has-post-thumbnail","hentry","category-llamadaip-com"],"_links":{"self":[{"href":"https:\/\/www.llamadaip.com\/blog\/wp-json\/wp\/v2\/posts\/2712","targetHints":{"allow":["GET"]}}],"collection":[{"href":"https:\/\/www.llamadaip.com\/blog\/wp-json\/wp\/v2\/posts"}],"about":[{"href":"https:\/\/www.llamadaip.com\/blog\/wp-json\/wp\/v2\/types\/post"}],"author":[{"embeddable":true,"href":"https:\/\/www.llamadaip.com\/blog\/wp-json\/wp\/v2\/users\/1"}],"replies":[{"embeddable":true,"href":"https:\/\/www.llamadaip.com\/blog\/wp-json\/wp\/v2\/comments?post=2712"}],"version-history":[{"count":5,"href":"https:\/\/www.llamadaip.com\/blog\/wp-json\/wp\/v2\/posts\/2712\/revisions"}],"predecessor-version":[{"id":2737,"href":"https:\/\/www.llamadaip.com\/blog\/wp-json\/wp\/v2\/posts\/2712\/revisions\/2737"}],"wp:featuredmedia":[{"embeddable":true,"href":"https:\/\/www.llamadaip.com\/blog\/wp-json\/wp\/v2\/media\/2715"}],"wp:attachment":[{"href":"https:\/\/www.llamadaip.com\/blog\/wp-json\/wp\/v2\/media?parent=2712"}],"wp:term":[{"taxonomy":"category","embeddable":true,"href":"https:\/\/www.llamadaip.com\/blog\/wp-json\/wp\/v2\/categories?post=2712"},{"taxonomy":"post_tag","embeddable":true,"href":"https:\/\/www.llamadaip.com\/blog\/wp-json\/wp\/v2\/tags?post=2712"}],"curies":[{"name":"wp","href":"https:\/\/api.w.org\/{rel}","templated":true}]}}