{"id":273,"date":"2017-05-17T15:59:21","date_gmt":"2017-05-17T18:59:21","guid":{"rendered":"http:\/\/www.llamadaip.com\/blog\/?p=2270"},"modified":"2020-02-11T11:01:30","modified_gmt":"2020-02-11T14:01:30","slug":"celebremos-el-dia-internacional-de-internet","status":"publish","type":"post","link":"https:\/\/www.llamadaip.com\/blog\/2017\/05\/17\/celebremos-el-dia-internacional-de-internet\/","title":{"rendered":"Celebremos el D\u00eda Internacional de Internet"},"content":{"rendered":"<h3><span style=\"font-weight: 400; color: #ff9200;\">Cada 17 de mayo se celebra, a nivel mundial, el D\u00eda de Internet. Ac\u00e1 te contamos c\u00f3mo se lleg\u00f3 a esta celebraci\u00f3n y de qu\u00e9 se trat\u00f3 el evento Internet Day del que Llamada IP particip\u00f3 los \u00faltimos d\u00edas en Buenos Aires.<\/span><\/h3>\n<p><span style=\"font-weight: 400;\">El 17 de mayo del 2005 fue el d\u00eda en el que la <\/span><a href=\"http:\/\/www.onu.org.ar\/\" target=\"_blank\">Organizaci\u00f3n de las Naciones Unidas<\/a><span style=\"font-weight: 400;\"> declar\u00f3 el D\u00eda Mundial de Internet. Sin embargo, hac\u00eda ya unos meses que en Espa\u00f1a la <\/span><span style=\"font-weight: 400;\">Asociaci\u00f3n de Usuarios de Internet<\/span><span style=\"font-weight: 400;\"> ven\u00eda teniendo <\/span><span style=\"font-weight: 400;\">iniciativas y realizando eventos que buscan instalar debates sobre conceptos como Sociedad de la Informaci\u00f3n o Tecnolog\u00edas de la Informaci\u00f3n.<\/span><\/p>\n<p><span style=\"font-weight: 400;\">Finalmente, en mayo se instaur\u00f3 el <\/span><a href=\"https:\/\/es.wikipedia.org\/wiki\/D%C3%ADa_de_Internet\" target=\"_blank\">D\u00eda de Internet<\/a><span style=\"font-weight: 400;\"> a nivel mundial en el que la Sociedad de la Informaci\u00f3n celebra mediante eventos, conferencias y reuniones en cada rinc\u00f3n del mundo. La red es considerada como un bien p\u00fablico, sobre todo por las posibilidades que ofrecen las TIC (Tecnolog\u00edas de la Informaci\u00f3n y Comunicaci\u00f3n) a las personas para disminuir la brecha digital. <\/span><\/p>\n<p><span style=\"font-weight: 400;\">En Argentina, los pasados lunes 15 y martes 16 se celebr\u00f3 en Buenos Aires el <\/span><a href=\"http:\/\/www.internetday.com.ar\/\" target=\"_blank\">Internet Day<\/a><span style=\"font-weight: 400;\">, un evento especialmente pensado para debatir, conocer y brindar informaci\u00f3n sobre Internet, la red y la tecnolog\u00eda a su alrededor organizado por la<\/span> <a href=\"http:\/\/www.cabase.org.ar\/\" target=\"_blank\">C\u00e1mara Argentina de Internet<\/a><span style=\"font-weight: 400;\"> (CABASE). Llamada IP form\u00f3 parte, mir\u00e1 el video de la cobertura<\/span><\/p>\n<p><iframe loading=\"lazy\" width=\"840\" height=\"473\" src=\"https:\/\/www.youtube.com\/embed\/9LWE5OggLX8?feature=oembed\" frameborder=\"0\" allow=\"accelerometer; autoplay; encrypted-media; gyroscope; picture-in-picture\" allowfullscreen><\/iframe><\/p>\n<p><span style=\"font-weight: 400;\">Se trat\u00f3 de un evento importante en el que pudimos escuchar la voz de las grandes compa\u00f1\u00edas, funcionarios p\u00fablicos y actores importantes dentro de la industria. Los temas que se trataron estuvieron relacionados al futuro de la tecnolog\u00eda y la red, los avances a nivel mundial y regional, las posibles sinergias y trabajos en conjunto entre las empresas, entre otros. Pod\u00e9s visualizar las conferencias transmitidas por redes <\/span><a href=\"https:\/\/www.facebook.com\/CabaseAr\/\" target=\"_blank\">ac\u00e1<\/a><b>. <\/b><\/p>\n<p><span style=\"font-weight: 400;\">Sin duda, fue una reuni\u00f3n m\u00e1s que nos ayuda a visualizar el futuro de la industria y entender qu\u00e9 otras cosas se est\u00e1n haciendo en otros niveles del rubro para evolucionar. \u00a1Seguimos creciendo!<\/span><\/p>\n","protected":false},"excerpt":{"rendered":"<p>Cada 17 de mayo se celebra, a nivel mundial, el D\u00eda de Internet. Ac\u00e1 te contamos c\u00f3mo se lleg\u00f3 a esta celebraci\u00f3n y de qu\u00e9 se trat\u00f3 el evento Internet Day del que Llamada IP particip\u00f3 los \u00faltimos d\u00edas en Buenos Aires. El 17 de mayo del 2005 fue el d\u00eda en el que la &hellip; <a href=\"https:\/\/www.llamadaip.com\/blog\/2017\/05\/17\/celebremos-el-dia-internacional-de-internet\/\" class=\"more-link\">Continuar leyendo<span class=\"screen-reader-text\"> &#8220;Celebremos el D\u00eda Internacional de Internet&#8221;<\/span><\/a><\/p>\n","protected":false},"author":1,"featured_media":274,"comment_status":"closed","ping_status":"open","sticky":false,"template":"","format":"standard","meta":{"footnotes":""},"categories":[88],"tags":[9,13,11,6,10,14,12],"class_list":["post-273","post","type-post","status-publish","format-standard","has-post-thumbnail","hentry","category-llamadaip-net","tag-comunicacion","tag-conferencia","tag-global","tag-llamado","tag-mensaje","tag-pyme","tag-telefono"],"_links":{"self":[{"href":"https:\/\/www.llamadaip.com\/blog\/wp-json\/wp\/v2\/posts\/273","targetHints":{"allow":["GET"]}}],"collection":[{"href":"https:\/\/www.llamadaip.com\/blog\/wp-json\/wp\/v2\/posts"}],"about":[{"href":"https:\/\/www.llamadaip.com\/blog\/wp-json\/wp\/v2\/types\/post"}],"author":[{"embeddable":true,"href":"https:\/\/www.llamadaip.com\/blog\/wp-json\/wp\/v2\/users\/1"}],"replies":[{"embeddable":true,"href":"https:\/\/www.llamadaip.com\/blog\/wp-json\/wp\/v2\/comments?post=273"}],"version-history":[{"count":1,"href":"https:\/\/www.llamadaip.com\/blog\/wp-json\/wp\/v2\/posts\/273\/revisions"}],"predecessor-version":[{"id":1236,"href":"https:\/\/www.llamadaip.com\/blog\/wp-json\/wp\/v2\/posts\/273\/revisions\/1236"}],"wp:featuredmedia":[{"embeddable":true,"href":"https:\/\/www.llamadaip.com\/blog\/wp-json\/wp\/v2\/media\/274"}],"wp:attachment":[{"href":"https:\/\/www.llamadaip.com\/blog\/wp-json\/wp\/v2\/media?parent=273"}],"wp:term":[{"taxonomy":"category","embeddable":true,"href":"https:\/\/www.llamadaip.com\/blog\/wp-json\/wp\/v2\/categories?post=273"},{"taxonomy":"post_tag","embeddable":true,"href":"https:\/\/www.llamadaip.com\/blog\/wp-json\/wp\/v2\/tags?post=273"}],"curies":[{"name":"wp","href":"https:\/\/api.w.org\/{rel}","templated":true}]}}