{"id":2778,"date":"2024-03-13T12:39:36","date_gmt":"2024-03-13T15:39:36","guid":{"rendered":"https:\/\/www.llamadaip.com\/blog\/?p=2778"},"modified":"2024-04-05T16:50:12","modified_gmt":"2024-04-05T19:50:12","slug":"whatsapp-es-argentino","status":"publish","type":"post","link":"https:\/\/www.llamadaip.com\/blog\/2024\/03\/13\/whatsapp-es-argentino\/","title":{"rendered":"\u00bfWhatsApp es argentino?"},"content":{"rendered":"\n<h3 class=\"wp-block-heading\"><span style=\"color: #ff9200;\">Esta es una incre\u00edble historia sobre el origen de WhatsApp, y seg\u00fan cont\u00f3 su fundador, Argentina tuvo mucho que ver.<\/span><\/h3>\n\n\n\n<p>Jan Koum, fundador de WhatsApp, cont\u00f3 una an\u00e9cdota sobre los inicios de la APP durante una charla en la Universidad de Stanford.<\/p>\n\n\n\n<figure class=\"wp-block-embed is-type-video is-provider-youtube wp-block-embed-youtube wp-embed-aspect-4-3 wp-has-aspect-ratio\"><div class=\"wp-block-embed__wrapper\">\n<iframe loading=\"lazy\" title=\"\u00bfWhatsApp es argentino?\" width=\"840\" height=\"630\" src=\"https:\/\/www.youtube.com\/embed\/vGtmz02-V_Q?feature=oembed\" frameborder=\"0\" allow=\"accelerometer; autoplay; clipboard-write; encrypted-media; gyroscope; picture-in-picture; web-share\" referrerpolicy=\"strict-origin-when-cross-origin\" allowfullscreen><\/iframe>\n<\/div><\/figure>\n\n\n\n<p><em>&#8220;En 2008 empec\u00e9 a viajar, fui a Argentina y un mont\u00f3n de pa\u00edses, lo que realmente me costaba durante ese per\u00edodo fue mantenerme en contacto con mis amigos&#8221;<\/em>, explic\u00f3 Koum en su charla.&nbsp;<\/p>\n\n\n\n<p><em>&#8220;Especialmente en Argentina, no s\u00e9 si alguien ac\u00e1 es de Argentina&#8230; Ah\u00ed est\u00e1, una persona&#8230; \u00bfqu\u00e9 pasa con sus c\u00f3digos de marcaci\u00f3n? \u00a1Es tan complicado! Nunca pude entenderlo. Cuando est\u00e1bamos en Argentina era muy dif\u00edcil conseguir que la gente me llame o llamar a otras personas. Consegu\u00ed una tarjeta SIM pero no pude entender c\u00f3mo hacer para que me llamen, los c\u00f3digos de marcaci\u00f3n y \u00a1los prefijos son tan complicados!&#8221;<\/em>, prosigui\u00f3.<br><br>Koum hac\u00eda referencia a que en Argentina es necesario marcar distintos prefijos seg\u00fan sea el llamado desde el exterior o localmente. Hay que agendar los n\u00fameros con \u201c+\u201d o con el 00 inicial, luego el 54 como c\u00f3digo de pa\u00eds y posteriormente el n\u00famero de celular con un 9, pero si se marca localmente hay que incluir un 15 entre el prefijo de la ciudad y el n\u00famero. Para colmo el n\u00famero que se recibe en el Caller ID llega sin esos prefijos, con lo cual hay que modificar el n\u00famero antes de agendarlo seg\u00fan desde d\u00f3nde se llame luego, sea un fijo u otro celular, local o desde el exterior.<\/p>\n\n\n\n<p>Esta complejidad termin\u00f3 siendo un impulso para que Jan Koum programe WhatsApp y as\u00ed sus amigos puedan comunicarse con \u00e9l mientras estaba en Argentina. Han pasado varios a\u00f1os y todav\u00eda Argentina sigue sin solucionar este problema de prefijos en su Plan de Numeraci\u00f3n Nacional.<\/p>\n\n\n\n<p>Desde la Comisi\u00f3n de Telefon\u00eda de la C\u00e1mara Argentina de Internet CABASE, de la cual Llamada IP es parte, se ha presentado un pedido formal a ENACOM para implementar la portabilidad geogr\u00e1fica y de tipo, eliminar los prefijos de acceso 15 y 9 en los celulares, simplificar el Plan de Numeraci\u00f3n y unificar los c\u00f3digos de \u00e1rea.&nbsp;<\/p>\n\n\n\n<p>Ver: <a href=\"https:\/\/telxp.cabase.org.ar\/notas\/24-03-14-cabase-presento-ante-las-nuevas-autoridades-de-enacom-una-nota-con-pedido-formal-de-implementacion-de-portabilidad-geografica-y-de-tipo.html\" target=\"_blank\" rel=\"noreferrer noopener\">https:\/\/telxp.cabase.org.ar\/notas\/24-03-14-cabase-presento-ante-las-nuevas-autoridades-de-enacom-una-nota-con-pedido-formal-de-implementacion-de-portabilidad-geografica-y-de-tipo.html<\/a><\/p>\n\n\n\n<p>Pueden ver el video completo de la presentaci\u00f3n<\/p>\n\n\n\n<figure class=\"wp-block-embed is-type-video is-provider-youtube wp-block-embed-youtube wp-embed-aspect-16-9 wp-has-aspect-ratio\"><div class=\"wp-block-embed__wrapper\">\n<iframe loading=\"lazy\" title=\"How to Build a Product IV - Jan Koum, Co-founder of WhatsApp - Stanford CS183F: Startup School\" width=\"840\" height=\"473\" src=\"https:\/\/www.youtube.com\/embed\/s1Rd4UShDxQ?feature=oembed\" frameborder=\"0\" allow=\"accelerometer; autoplay; clipboard-write; encrypted-media; gyroscope; picture-in-picture; web-share\" referrerpolicy=\"strict-origin-when-cross-origin\" allowfullscreen><\/iframe>\n<\/div><\/figure>\n\n\n\n<p>Nota de color: qui\u00e9n presenta la charla de Jan Koum en Standford es el mism\u00edsimo Sam Altman, creador de OpenAI y ChatGPT.<\/p>\n\n\n\n<p>Referencias en los medios:<\/p>\n\n\n\n<ul class=\"wp-block-list\">\n<li><a href=\"https:\/\/www.clarin.com\/tecnologia\/-whatsapp-nacio-argentina-curiosa-historia-vincula-creadores-pais_0_6fcVu2tQRJ.html\">https:\/\/www.clarin.com\/tecnologia\/-whatsapp-nacio-argentina-curiosa-historia-vincula-creadores-pais_0_6fcVu2tQRJ.html<\/a><\/li>\n\n\n\n<li><a href=\"https:\/\/www.cronista.com\/infotechnology\/actualidad\/se-inspiro-en-la-mala-conexion-en-argentina-y-creo-una-app-que-compraron-por-us-19-000-m-la-increible-historia-de-whatsapp\">https:\/\/www.cronista.com\/infotechnology\/actualidad\/se-inspiro-en-la-mala-conexion-en-argentina-y-creo-una-app-que-compraron-por-us-19-000-m-la-increible-historia-de-whatsapp<\/a><\/li>\n\n\n\n<li><a href=\"https:\/\/www.tycsports.com\/gaming\/whatsapp-origen-fundacion-argentina-jan-koum-id422672.html\">https:\/\/www.tycsports.com\/gaming\/whatsapp-origen-fundacion-argentina-jan-koum-id422672.html<\/a><\/li>\n\n\n\n<li><a href=\"https:\/\/www.iproup.com\/innovacion\/7249-la-historia-que-relaciona-el-origen-de-whatsapp-con-argentina\">https:\/\/www.iproup.com\/innovacion\/7249-la-historia-que-relaciona-el-origen-de-whatsapp-con-argentina<\/a><\/li>\n<\/ul>\n\n\n\n<p><strong>Notas relacionadas<\/strong><br><a href=\"https:\/\/www.llamadaip.com\/blog\/2023\/11\/10\/cual-es-la-diferencia-entre-whatsapp-y-whatsapp-business\/\" target=\"_blank\" rel=\"noreferrer noopener\">\u00bfCu\u00e1l es la diferencia entre WhatsApp y WhatsApp Business?<\/a><br><a href=\"https:\/\/www.llamadaip.com\/blog\/2023\/07\/12\/usa-tu-numero-de-llamada-ip-en-tu-whatsapp-business\/\" target=\"_blank\" rel=\"noreferrer noopener\">Us\u00e1 tu n\u00famero de Llamada IP en tu WhatsApp Busines<\/a><br><a href=\"https:\/\/www.llamadaip.com\/blog\/2022\/03\/25\/descubri-la-solucion-indicada-para-mejorar-tu-atencion-por-whatsapp\/\" target=\"_blank\" rel=\"noreferrer noopener\">Descubr\u00ed la soluci\u00f3n indicada para mejorar tu atenci\u00f3n por WhatsApp<\/a><\/p>\n","protected":false},"excerpt":{"rendered":"<p>Esta es una incre\u00edble historia sobre el origen de WhatsApp, y seg\u00fan cont\u00f3 su fundador, Argentina tuvo mucho que ver. Jan Koum, fundador de WhatsApp, cont\u00f3 una an\u00e9cdota sobre los inicios de la APP durante una charla en la Universidad de Stanford. &#8220;En 2008 empec\u00e9 a viajar, fui a Argentina y un mont\u00f3n de pa\u00edses, &hellip; <a href=\"https:\/\/www.llamadaip.com\/blog\/2024\/03\/13\/whatsapp-es-argentino\/\" class=\"more-link\">Continuar leyendo<span class=\"screen-reader-text\"> &#8220;\u00bfWhatsApp es argentino?&#8221;<\/span><\/a><\/p>\n","protected":false},"author":1,"featured_media":2796,"comment_status":"closed","ping_status":"closed","sticky":false,"template":"","format":"standard","meta":{"footnotes":""},"categories":[90],"tags":[],"class_list":["post-2778","post","type-post","status-publish","format-standard","has-post-thumbnail","hentry","category-llamadaip-com"],"_links":{"self":[{"href":"https:\/\/www.llamadaip.com\/blog\/wp-json\/wp\/v2\/posts\/2778","targetHints":{"allow":["GET"]}}],"collection":[{"href":"https:\/\/www.llamadaip.com\/blog\/wp-json\/wp\/v2\/posts"}],"about":[{"href":"https:\/\/www.llamadaip.com\/blog\/wp-json\/wp\/v2\/types\/post"}],"author":[{"embeddable":true,"href":"https:\/\/www.llamadaip.com\/blog\/wp-json\/wp\/v2\/users\/1"}],"replies":[{"embeddable":true,"href":"https:\/\/www.llamadaip.com\/blog\/wp-json\/wp\/v2\/comments?post=2778"}],"version-history":[{"count":2,"href":"https:\/\/www.llamadaip.com\/blog\/wp-json\/wp\/v2\/posts\/2778\/revisions"}],"predecessor-version":[{"id":2804,"href":"https:\/\/www.llamadaip.com\/blog\/wp-json\/wp\/v2\/posts\/2778\/revisions\/2804"}],"wp:featuredmedia":[{"embeddable":true,"href":"https:\/\/www.llamadaip.com\/blog\/wp-json\/wp\/v2\/media\/2796"}],"wp:attachment":[{"href":"https:\/\/www.llamadaip.com\/blog\/wp-json\/wp\/v2\/media?parent=2778"}],"wp:term":[{"taxonomy":"category","embeddable":true,"href":"https:\/\/www.llamadaip.com\/blog\/wp-json\/wp\/v2\/categories?post=2778"},{"taxonomy":"post_tag","embeddable":true,"href":"https:\/\/www.llamadaip.com\/blog\/wp-json\/wp\/v2\/tags?post=2778"}],"curies":[{"name":"wp","href":"https:\/\/api.w.org\/{rel}","templated":true}]}}