{"id":2788,"date":"2024-03-10T14:13:54","date_gmt":"2024-03-10T17:13:54","guid":{"rendered":"https:\/\/www.llamadaip.com\/blog\/?p=2788"},"modified":"2024-04-05T14:27:27","modified_gmt":"2024-04-05T17:27:27","slug":"estuvimos-presentes-en-mwc-2024","status":"publish","type":"post","link":"https:\/\/www.llamadaip.com\/blog\/2024\/03\/10\/estuvimos-presentes-en-mwc-2024\/","title":{"rendered":"Estuvimos presentes en MWC 2024"},"content":{"rendered":"\n<h3 class=\"wp-block-heading\"><span style=\"color: #ff9200;\">Nacho Ribeiro, CEO de Llamada IP, estuvo presente en la Mobile World Congress 2024 realizada en Barcelona.<\/span><\/h3>\n\n\n\n<p><a href=\"https:\/\/www.mwcbarcelona.com\/\" target=\"_blank\" rel=\"noreferrer noopener\">Mobile World Congress<\/a> convoca a empresas l\u00edderes del mundo, que exponen sus progresos, productos, nuevas soluciones y desarrollos de tecnolog\u00edas. Se trata de uno de los mejores espacios para encontrarnos con nuestros partners internacionales, proveedores, carriers y principales fabricantes de hardware para nuestros servicios de telefon\u00eda, internet e im\u00e1genes.<\/p>\n\n\n\n<p>Nacho Ribeiro, CEO de Llamada IP, estuvo presente en la Mobile World Congress 2024 realizada en Barcelona. Pudo asistir a diversos paneles muy interesantes e intercambiar ideas con diversos actores del sector a nivel internacional.<\/p>\n\n\n\n<p>Este a\u00f1o, la asistencia super\u00f3 ampliamente las expectativas: asistieron m\u00e1s de 101.00 visitantes entre operadores m\u00f3viles globales, fabricantes, proveedores de tecnolog\u00eda, vendedores y propietarios de contenido, desarrolladores, entre otros.&nbsp;<\/p>\n\n\n\n<p>Los principales temas que se abordaron en muestras y paneles fueron:<\/p>\n\n\n\n<ul class=\"wp-block-list\">\n<li>Automatizaci\u00f3n de la Inteligencia Artificial (IA)<\/li>\n\n\n\n<li>Blockchain<\/li>\n\n\n\n<li>Sostenibilidad y medioambiente<\/li>\n\n\n\n<li>Transformaci\u00f3n digital de las empresas<\/li>\n\n\n\n<li>Desarrollo de aplicaciones y servicios m\u00f3viles<\/li>\n<\/ul>\n\n\n\n<p>Seguimos buscando y generando espacios de intercambio para optimizar los servicios que ofrecemos, para conocer tecnolog\u00edas seguras, para mejorar las soluciones que ofrecemos y para innovar en materia de telecomunicaciones.\u00a0<\/p>\n\n\n\n<p><strong>Notas relacionadas<\/strong><br><a href=\"https:\/\/www.llamadaip.com\/blog\/2024\/02\/01\/llamada-ip-estuvo-presente-en-la-feria-ces-2024\/\" target=\"_blank\" rel=\"noreferrer noopener\">Llamada IP estuvo presente en la feria CES 2024<\/a><br><a href=\"https:\/\/www.llamadaip.com\/blog\/2024\/01\/23\/el-resumen-de-los-logros-del-2023\/\" target=\"_blank\" rel=\"noreferrer noopener\">El resumen de los logros del 2023<\/a><br><a href=\"https:\/\/www.llamadaip.com\/blog\/2023\/11\/25\/nuestros-encuentros-de-fin-de-ano-2\/\" target=\"_blank\" rel=\"noreferrer noopener\">Nuestros encuentros de fin de a\u00f1o<\/a><\/p>\n","protected":false},"excerpt":{"rendered":"<p>Nacho Ribeiro, CEO de Llamada IP, estuvo presente en la Mobile World Congress 2024 realizada en Barcelona. Mobile World Congress convoca a empresas l\u00edderes del mundo, que exponen sus progresos, productos, nuevas soluciones y desarrollos de tecnolog\u00edas. Se trata de uno de los mejores espacios para encontrarnos con nuestros partners internacionales, proveedores, carriers y principales &hellip; <a href=\"https:\/\/www.llamadaip.com\/blog\/2024\/03\/10\/estuvimos-presentes-en-mwc-2024\/\" class=\"more-link\">Continuar leyendo<span class=\"screen-reader-text\"> &#8220;Estuvimos presentes en MWC 2024&#8221;<\/span><\/a><\/p>\n","protected":false},"author":1,"featured_media":2794,"comment_status":"closed","ping_status":"closed","sticky":false,"template":"","format":"standard","meta":{"footnotes":""},"categories":[90],"tags":[],"class_list":["post-2788","post","type-post","status-publish","format-standard","has-post-thumbnail","hentry","category-llamadaip-com"],"_links":{"self":[{"href":"https:\/\/www.llamadaip.com\/blog\/wp-json\/wp\/v2\/posts\/2788","targetHints":{"allow":["GET"]}}],"collection":[{"href":"https:\/\/www.llamadaip.com\/blog\/wp-json\/wp\/v2\/posts"}],"about":[{"href":"https:\/\/www.llamadaip.com\/blog\/wp-json\/wp\/v2\/types\/post"}],"author":[{"embeddable":true,"href":"https:\/\/www.llamadaip.com\/blog\/wp-json\/wp\/v2\/users\/1"}],"replies":[{"embeddable":true,"href":"https:\/\/www.llamadaip.com\/blog\/wp-json\/wp\/v2\/comments?post=2788"}],"version-history":[{"count":2,"href":"https:\/\/www.llamadaip.com\/blog\/wp-json\/wp\/v2\/posts\/2788\/revisions"}],"predecessor-version":[{"id":2793,"href":"https:\/\/www.llamadaip.com\/blog\/wp-json\/wp\/v2\/posts\/2788\/revisions\/2793"}],"wp:featuredmedia":[{"embeddable":true,"href":"https:\/\/www.llamadaip.com\/blog\/wp-json\/wp\/v2\/media\/2794"}],"wp:attachment":[{"href":"https:\/\/www.llamadaip.com\/blog\/wp-json\/wp\/v2\/media?parent=2788"}],"wp:term":[{"taxonomy":"category","embeddable":true,"href":"https:\/\/www.llamadaip.com\/blog\/wp-json\/wp\/v2\/categories?post=2788"},{"taxonomy":"post_tag","embeddable":true,"href":"https:\/\/www.llamadaip.com\/blog\/wp-json\/wp\/v2\/tags?post=2788"}],"curies":[{"name":"wp","href":"https:\/\/api.w.org\/{rel}","templated":true}]}}