{"id":3073,"date":"2025-05-28T14:56:00","date_gmt":"2025-05-28T17:56:00","guid":{"rendered":"https:\/\/www.llamadaip.com\/blog\/?p=3073"},"modified":"2025-07-15T16:09:28","modified_gmt":"2025-07-15T19:09:28","slug":"llamada-ip-en-internet-day-2025-innovacion-reconocimiento-y-alianzas-estrategicas","status":"publish","type":"post","link":"https:\/\/www.llamadaip.com\/blog\/2025\/05\/28\/llamada-ip-en-internet-day-2025-innovacion-reconocimiento-y-alianzas-estrategicas\/","title":{"rendered":"Llamada IP en Internet Day 2025: innovaci\u00f3n, reconocimiento y alianzas estrat\u00e9gicas"},"content":{"rendered":"\n<h3 class=\"wp-block-heading\"><span style=\"color: #ff9200;\">Llamada IP particip\u00f3 de Internet Day 2025 con stand propio, present\u00f3 su alianza con Retell AI y fue reconocida por su liderazgo en portabilidad num\u00e9rica fija.<\/span><\/h3>\n\n\n\n<p>Durante mayo, se llev\u00f3 a cabo una nueva edici\u00f3n del <a href=\"https:\/\/internetday.com.ar\/day\/\" target=\"_blank\" rel=\"noreferrer noopener\">Internet Day,<\/a> el evento m\u00e1s importante del ecosistema digital argentino, organizado por CABASE. Durante dos jornadas intensas, el encuentro reuni\u00f3 a empresas, organismos, referentes t\u00e9cnicos y decisores del sector para reflexionar sobre el presente y futuro de la conectividad, la infraestructura digital y los servicios basados en tecnolog\u00eda.<\/p>\n\n\n\n<p>En este marco, desde Llamada IP tuvimos el orgullo de participar con stand propio, compartiendo nuestras soluciones de telefon\u00eda IP, atenci\u00f3n al cliente con inteligencia artificial y conectividad avanzada para empresas. Fue una oportunidad para reconectar con colegas, partners y nuevos contactos, y presentar algunos de nuestros \u00faltimos avances.<\/p>\n\n\n\n<p><strong>App Partner Oficial de Retell AI<\/strong><\/p>\n\n\n\n<figure class=\"wp-block-image size-large\"><img loading=\"lazy\" decoding=\"async\" width=\"1024\" height=\"630\" src=\"https:\/\/www.llamadaip.com\/blog\/wp-content\/uploads\/2025\/05\/nota-llamada-ip-ID1-1024x630.jpg\" alt=\"\" class=\"wp-image-3088\" srcset=\"https:\/\/www.llamadaip.com\/blog\/wp-content\/uploads\/2025\/05\/nota-llamada-ip-ID1-1024x630.jpg 1024w, https:\/\/www.llamadaip.com\/blog\/wp-content\/uploads\/2025\/05\/nota-llamada-ip-ID1-300x185.jpg 300w, https:\/\/www.llamadaip.com\/blog\/wp-content\/uploads\/2025\/05\/nota-llamada-ip-ID1-768x473.jpg 768w, https:\/\/www.llamadaip.com\/blog\/wp-content\/uploads\/2025\/05\/nota-llamada-ip-ID1-1200x738.jpg 1200w, https:\/\/www.llamadaip.com\/blog\/wp-content\/uploads\/2025\/05\/nota-llamada-ip-ID1.jpg 1300w\" sizes=\"auto, (max-width: 709px) 85vw, (max-width: 909px) 67vw, (max-width: 1362px) 62vw, 840px\" \/><\/figure>\n\n\n\n<p>Uno de los anuncios destacados de nuestra participaci\u00f3n fue la <a href=\"https:\/\/www.llamadaip.com\/blog\/2025\/05\/13\/llamada-ip-se-convierte-en-app-partner-oficial-de-retell-ai\/\">presentaci\u00f3n oficial de Llamada IP como App Partner de Retell AI<\/a>, la plataforma l\u00edder en agentes conversacionales con inteligencia artificial generativa. Gracias a esta alianza, nuestros clientes pueden crear su propio agente telef\u00f3nico automatizado y atender consultas con IA utilizando numeraci\u00f3n local de Argentina o del exterior, todo desde nuestra plataforma.<\/p>\n\n\n\n<p>Esta integraci\u00f3n representa un paso firme hacia una <strong>atenci\u00f3n al cliente m\u00e1s eficiente, moderna y sin esperas<\/strong>, alineada con las nuevas expectativas del mercado.<\/p>\n\n\n\n<p><strong>Reconocimiento por portabilidad num\u00e9rica fija<\/strong><\/p>\n\n\n\n<figure class=\"wp-block-image size-large\"><img loading=\"lazy\" decoding=\"async\" width=\"1024\" height=\"630\" src=\"https:\/\/www.llamadaip.com\/blog\/wp-content\/uploads\/2025\/05\/nota-llamada-ip-ID2-1024x630.jpg\" alt=\"\" class=\"wp-image-3089\" srcset=\"https:\/\/www.llamadaip.com\/blog\/wp-content\/uploads\/2025\/05\/nota-llamada-ip-ID2-1024x630.jpg 1024w, https:\/\/www.llamadaip.com\/blog\/wp-content\/uploads\/2025\/05\/nota-llamada-ip-ID2-300x185.jpg 300w, https:\/\/www.llamadaip.com\/blog\/wp-content\/uploads\/2025\/05\/nota-llamada-ip-ID2-768x473.jpg 768w, https:\/\/www.llamadaip.com\/blog\/wp-content\/uploads\/2025\/05\/nota-llamada-ip-ID2-1200x738.jpg 1200w, https:\/\/www.llamadaip.com\/blog\/wp-content\/uploads\/2025\/05\/nota-llamada-ip-ID2.jpg 1300w\" sizes=\"auto, (max-width: 709px) 85vw, (max-width: 909px) 67vw, (max-width: 1362px) 62vw, 840px\" \/><\/figure>\n\n\n\n<p>Adem\u00e1s, <a href=\"https:\/\/www.cabase.org.ar\/reconocimientos-cabase-2025-celebramos-a-los-protagonistas-del-ecosistema-de-internet-en-argentina\/\" target=\"_blank\" rel=\"noreferrer noopener\">fuimos reconocidos por CABASE<\/a> como una de las empresas con mayor cantidad de n\u00fameros fijos portados en el pa\u00eds durante el \u00faltimo a\u00f1o. <strong>Este premio refleja el trabajo sostenido de todo nuestro equipo<\/strong> por facilitar la migraci\u00f3n hacia servicios m\u00e1s \u00e1giles, sin perder identidad telef\u00f3nica ni interrumpir la operaci\u00f3n comercial de nuestros clientes.<\/p>\n\n\n\n<p>La portabilidad es hoy una herramienta estrat\u00e9gica para las empresas que buscan eficiencia, ahorro de costos y mejores funcionalidades. Y en Llamada IP estamos orgullosos de ser protagonistas de ese cambio.<\/p>\n\n\n\n<p>Internet Day fue tambi\u00e9n una oportunidad para confirmar que el sector de las telecomunicaciones y la tecnolog\u00eda sigue en plena evoluci\u00f3n, <a href=\"https:\/\/www.llamadaip.com\/blog\/2025\/01\/17\/tendencias-en-telefonia-ip-que-esperar-este-2025\/\">impulsado por tendencias <\/a>como la inteligencia artificial, la automatizaci\u00f3n y los nuevos modelos de conectividad.<\/p>\n\n\n\n<p>Desde Llamada IP reafirmamos nuestro compromiso de seguir innovando y acercando soluciones que conecten a las empresas con el futuro de la comunicaci\u00f3n.<\/p>\n\n\n\n<p><strong>Notas relacionadas<\/strong><br><a href=\"https:\/\/www.llamadaip.com\/blog\/2025\/02\/24\/internet-day-2025-se-expande-mas-espacio-mas-innovacion-y-llamada-ip-como-sponsor\/\">Internet Day 2025 se expande: m\u00e1s espacio, m\u00e1s innovaci\u00f3n y Llamada IP como sponsor<\/a><br><a href=\"https:\/\/www.llamadaip.com\/blog\/2025\/05\/06\/por-que-la-eficiencia-en-la-comunicacion-es-clave-en-tiempos-de-transformacion-digital\/\">\u00bfPor qu\u00e9 la eficiencia en la comunicaci\u00f3n es clave en tiempos de transformaci\u00f3n digital?<\/a><br><a href=\"https:\/\/www.llamadaip.com\/blog\/2025\/05\/02\/cuanto-tiempo-de-tu-vida-perdiste-esperando-al-telefono\/\">\u00bfCu\u00e1nto tiempo de tu vida perdiste esperando al tel\u00e9fono?<\/a><\/p>\n","protected":false},"excerpt":{"rendered":"<p>Llamada IP particip\u00f3 de Internet Day 2025 con stand propio, present\u00f3 su alianza con Retell AI y fue reconocida por su liderazgo en portabilidad num\u00e9rica fija. Durante mayo, se llev\u00f3 a cabo una nueva edici\u00f3n del Internet Day, el evento m\u00e1s importante del ecosistema digital argentino, organizado por CABASE. Durante dos jornadas intensas, el encuentro &hellip; <a href=\"https:\/\/www.llamadaip.com\/blog\/2025\/05\/28\/llamada-ip-en-internet-day-2025-innovacion-reconocimiento-y-alianzas-estrategicas\/\" class=\"more-link\">Continuar leyendo<span class=\"screen-reader-text\"> &#8220;Llamada IP en Internet Day 2025: innovaci\u00f3n, reconocimiento y alianzas estrat\u00e9gicas&#8221;<\/span><\/a><\/p>\n","protected":false},"author":1,"featured_media":3082,"comment_status":"closed","ping_status":"closed","sticky":false,"template":"","format":"standard","meta":{"footnotes":""},"categories":[90],"tags":[],"class_list":["post-3073","post","type-post","status-publish","format-standard","has-post-thumbnail","hentry","category-llamadaip-com"],"_links":{"self":[{"href":"https:\/\/www.llamadaip.com\/blog\/wp-json\/wp\/v2\/posts\/3073","targetHints":{"allow":["GET"]}}],"collection":[{"href":"https:\/\/www.llamadaip.com\/blog\/wp-json\/wp\/v2\/posts"}],"about":[{"href":"https:\/\/www.llamadaip.com\/blog\/wp-json\/wp\/v2\/types\/post"}],"author":[{"embeddable":true,"href":"https:\/\/www.llamadaip.com\/blog\/wp-json\/wp\/v2\/users\/1"}],"replies":[{"embeddable":true,"href":"https:\/\/www.llamadaip.com\/blog\/wp-json\/wp\/v2\/comments?post=3073"}],"version-history":[{"count":2,"href":"https:\/\/www.llamadaip.com\/blog\/wp-json\/wp\/v2\/posts\/3073\/revisions"}],"predecessor-version":[{"id":3090,"href":"https:\/\/www.llamadaip.com\/blog\/wp-json\/wp\/v2\/posts\/3073\/revisions\/3090"}],"wp:featuredmedia":[{"embeddable":true,"href":"https:\/\/www.llamadaip.com\/blog\/wp-json\/wp\/v2\/media\/3082"}],"wp:attachment":[{"href":"https:\/\/www.llamadaip.com\/blog\/wp-json\/wp\/v2\/media?parent=3073"}],"wp:term":[{"taxonomy":"category","embeddable":true,"href":"https:\/\/www.llamadaip.com\/blog\/wp-json\/wp\/v2\/categories?post=3073"},{"taxonomy":"post_tag","embeddable":true,"href":"https:\/\/www.llamadaip.com\/blog\/wp-json\/wp\/v2\/tags?post=3073"}],"curies":[{"name":"wp","href":"https:\/\/api.w.org\/{rel}","templated":true}]}}