{"id":358,"date":"2016-10-22T13:48:34","date_gmt":"2016-10-22T16:48:34","guid":{"rendered":"http:\/\/www.llamadaip.com\/blog\/?p=2017"},"modified":"2020-02-11T10:47:44","modified_gmt":"2020-02-11T13:47:44","slug":"participamos-del-evento-elastix-world-2016","status":"publish","type":"post","link":"https:\/\/www.llamadaip.com\/blog\/2016\/10\/22\/participamos-del-evento-elastix-world-2016\/","title":{"rendered":"\u00a1Participamos del evento Elastix World 2016!"},"content":{"rendered":"<p><iframe loading=\"lazy\" width=\"840\" height=\"473\" src=\"https:\/\/www.youtube.com\/embed\/KofJH6otNBc?feature=oembed\" frameborder=\"0\" allow=\"autoplay; encrypted-media\" allowfullscreen><\/iframe><\/p>\n<h3><span style=\"color: #ff9200;\">Los pasados d\u00edas 19 y 20 de octubre, tuvimos la oportunidad de participar de la 6ta edici\u00f3n de ElastixWorld que se ha convertido en un hito en Latinoam\u00e9rica. Te contamos de qu\u00e9 se trata en esta nota.<\/span><\/h3>\n<p><i>Elastix World<\/i> es un evento de tecnolog\u00eda que se realiza desde el a\u00f1o 2010 cuya finalidad es reunir a la comunidad que est\u00e1 relacionada con la voz sobre IP, telefon\u00eda, comunicaciones unificadas y c\u00f3digo abierto. Se trata de uno de los eventos m\u00e1s exclusivos dentro de este rubro en Latinoam\u00e9rica e incluye empresas, usuarios, distribuidores, integradores, fabricantes y desarrolladores.<\/p>\n<p>Este a\u00f1o Llamada IP particip\u00f3 del encuentro lo que signific\u00f3 una oportunidad \u00fanica para compartir visiones y expectativas sobre el futuro de las telecomunicaciones y, en particular, sobre el desarrollo y la evoluci\u00f3n de la telefon\u00eda IP.<\/p>\n<p>El evento tuvo una duraci\u00f3n de dos d\u00edas en los que se dieron conferencias, debates, exposiciones y networking. Adem\u00e1s, nuestro equipo comparti\u00f3 un almuerzo \u00edntimo con los organizadores del evento &#8211; Edgar Landivar (CEO Elastix), Matt Jordan (CEO Digium) y Ricardo Reus de Provetel Argentina \u2013 entre otros referentes importantes de hardware y software.<\/p>\n<figure id=\"attachment_2022\" aria-describedby=\"caption-attachment-2022\" style=\"width: 1000px\" class=\"wp-caption alignnone\"><img loading=\"lazy\" decoding=\"async\" class=\"wp-image-2022 size-full\" src=\"https:\/\/www.llamadaip.com\/blog\/wp-content\/uploads\/2016\/10\/Imagenes-blog-elastixworld-equipo.jpg\" alt=\"imagenes-blog-elastixworld-equipo\" width=\"1000\" height=\"455\" \/><figcaption id=\"caption-attachment-2022\" class=\"wp-caption-text\">Jose Ramirez, Grandstream LATAM &#8211; Rafael Visser, Personal Paraguay &#8211; Ricardo Reus, Provetel &#8211; Ignacio Ribeiro, CEO Llamada IP &#8211; Matt Jordan, CTO Digium &#8211; Edgar Landivar, CEO Elastix &#8211; Juan Pablo Romero, Elastix &#8211; Alejandro Echague, Llamada IP &#8211; Gonzalo Rodriguez, NET Solutions Uruguay<\/figcaption><\/figure>\n<p>Sin dudas se trat\u00f3 de un encuentro muy importante en el que pudimos intercambiar visiones sobre distintos temas tecnol\u00f3gicos, las soluciones que buscamos brindar a cada usuario y los avances que estamos logrando.<\/p>\n<p>Fue una oportunidad para compartir nuestra visi\u00f3n-objetivo y conocer otras experiencias de colegas, a nivel global. Si quer\u00e9s conocer m\u00e1s sobre ElastixWorld ingres\u00e1 en <a href=\"http:\/\/www.elastixworld.com\/\" target=\"_blank\">http:\/\/www.elastixworld.com\/<\/a><\/p>\n<p>M\u00e1s informaci\u00f3n sobre nuestras soluciones y servicios en <a href=\"https:\/\/www.llamadaip.com\/blog\/\" target=\"_blank\">https:\/\/www.llamadaip.com\/blog\/<\/a><\/p>\n<p>[separator]<\/p>\n<p style=\"font-size: 11px;\"><a href=\"http:\/\/www.provetel.com.ar\/\" target=\"_blank\">Provetel<\/a> es un distribuidor fundado en el a\u00f1o 1990 que brinda servicios de distribuci\u00f3n con soluciones de log\u00edstica y supply chain services (SCS). Adem\u00e1s, es un mayorista especializado en distribuci\u00f3n de soluciones de Hardware y Software orientadas a la integraci\u00f3n de soluciones de comunicaciones unificadas (UC)<\/p>\n<p style=\"font-size: 11px;\"><a href=\"https:\/\/www.digium.com\/\" target=\"_blank\">Digium<\/a> proporciona Asterisk el software de comunicaciones de c\u00f3digo abierto m\u00e1s utilizado en todo el mundo. Una comunidad de m\u00e1s de 80.000 desarrolladores y usuarios en todo el mundo utiliza el Asterisk para crear soluciones de comunicaciones VoIP en m\u00e1s de 170 pa\u00edses.<\/p>\n<p style=\"font-size: 11px;\"><a href=\"http:\/\/www.elastix.org\/\" target=\"_blank\">Elastix<\/a> es un software de c\u00f3digo abierto para establecer comunicaciones unificadas (UC). Su objetivo es unificar todos los medios y alternativas de comunicaci\u00f3n para brindar una soluci\u00f3n para el \u00e1mbito empresarial.<\/p>\n","protected":false},"excerpt":{"rendered":"<p>Los pasados d\u00edas 19 y 20 de octubre, tuvimos la oportunidad de participar de la 6ta edici\u00f3n de ElastixWorld que se ha convertido en un hito en Latinoam\u00e9rica. Te contamos de qu\u00e9 se trata en esta nota. Elastix World es un evento de tecnolog\u00eda que se realiza desde el a\u00f1o 2010 cuya finalidad es reunir &hellip; <a href=\"https:\/\/www.llamadaip.com\/blog\/2016\/10\/22\/participamos-del-evento-elastix-world-2016\/\" class=\"more-link\">Continuar leyendo<span class=\"screen-reader-text\"> &#8220;\u00a1Participamos del evento Elastix World 2016!&#8221;<\/span><\/a><\/p>\n","protected":false},"author":1,"featured_media":359,"comment_status":"closed","ping_status":"open","sticky":false,"template":"","format":"standard","meta":{"footnotes":""},"categories":[90],"tags":[9,13,26,11,6,10,14,12],"class_list":["post-358","post","type-post","status-publish","format-standard","has-post-thumbnail","hentry","category-llamadaip-com","tag-comunicacion","tag-conferencia","tag-evento","tag-global","tag-llamado","tag-mensaje","tag-pyme","tag-telefono"],"_links":{"self":[{"href":"https:\/\/www.llamadaip.com\/blog\/wp-json\/wp\/v2\/posts\/358","targetHints":{"allow":["GET"]}}],"collection":[{"href":"https:\/\/www.llamadaip.com\/blog\/wp-json\/wp\/v2\/posts"}],"about":[{"href":"https:\/\/www.llamadaip.com\/blog\/wp-json\/wp\/v2\/types\/post"}],"author":[{"embeddable":true,"href":"https:\/\/www.llamadaip.com\/blog\/wp-json\/wp\/v2\/users\/1"}],"replies":[{"embeddable":true,"href":"https:\/\/www.llamadaip.com\/blog\/wp-json\/wp\/v2\/comments?post=358"}],"version-history":[{"count":1,"href":"https:\/\/www.llamadaip.com\/blog\/wp-json\/wp\/v2\/posts\/358\/revisions"}],"predecessor-version":[{"id":1201,"href":"https:\/\/www.llamadaip.com\/blog\/wp-json\/wp\/v2\/posts\/358\/revisions\/1201"}],"wp:featuredmedia":[{"embeddable":true,"href":"https:\/\/www.llamadaip.com\/blog\/wp-json\/wp\/v2\/media\/359"}],"wp:attachment":[{"href":"https:\/\/www.llamadaip.com\/blog\/wp-json\/wp\/v2\/media?parent=358"}],"wp:term":[{"taxonomy":"category","embeddable":true,"href":"https:\/\/www.llamadaip.com\/blog\/wp-json\/wp\/v2\/categories?post=358"},{"taxonomy":"post_tag","embeddable":true,"href":"https:\/\/www.llamadaip.com\/blog\/wp-json\/wp\/v2\/tags?post=358"}],"curies":[{"name":"wp","href":"https:\/\/api.w.org\/{rel}","templated":true}]}}