{"id":52,"date":"2018-09-21T20:03:15","date_gmt":"2018-09-21T23:03:15","guid":{"rendered":"http:\/\/www.llamadaip.com\/blog\/?p=2860"},"modified":"2020-02-11T11:21:57","modified_gmt":"2020-02-11T14:21:57","slug":"francia-le-dice-adios-a-la-telefonia-analogica","status":"publish","type":"post","link":"https:\/\/www.llamadaip.com\/blog\/2018\/09\/21\/francia-le-dice-adios-a-la-telefonia-analogica\/","title":{"rendered":"Francia le dice adi\u00f3s a la telefon\u00eda anal\u00f3gica"},"content":{"rendered":"<h3><span style=\"color: #ff9200;\"><span style=\"font-weight: 400;\">A partir de noviembre se dejar\u00e1n de comercializar; y durante el 2023 dejar\u00e1n de realizarse comunicaciones anal\u00f3gicas en Francia. Conoc\u00e9 los detalles de esta iniciativa, la importancia de evolucionar y qu\u00e9 estamos haciendo en Argentina<\/span><span style=\"font-weight: 400;\">. <\/span><\/span><\/h3>\n<p><span style=\"font-weight: 400;\">Hace unas semanas, en Francia se anunci\u00f3 el final de la telefon\u00eda tradicional por cable en ese pa\u00eds que actualmente tiene 20 millones de usuarios activos. A partir de ahora, y hasta el 2023, se dar\u00e1 un proceso de migraci\u00f3n de las instalaciones fijas (que a partir de noviembre dejar\u00e1n de comercializarse) a nuevas conexiones de internet. De este modo, Francia tendr\u00e1 el 100% de sus comunicaciones VoIP.<\/span><\/p>\n<p><span style=\"font-weight: 400;\">Se trata de una evoluci\u00f3n, un proceso de modernizaci\u00f3n de las comunicaciones que a lo largo de los \u00faltimos a\u00f1os han cambiado. Las conexiones tradicionales por cable de cobre son costosas, no pueden llegar a todos los territorios para dar una completa cobertura y, en muchos casos, no pueden brindar servicios nuevos como videollamadas. \u00a0<\/span><\/p>\n<p><span style=\"font-weight: 400;\">Del total de los usuarios de telefon\u00eda anal\u00f3gica de ese pa\u00eds, s\u00f3lo 9 millones no cuentan actualmente con conexi\u00f3n a Internet. Por este motivo, las empresas est\u00e1n ideando un plan que incluya el servicio de Internet + telefon\u00eda + TV para llegar a cubrir todo el territorio (incluso aquellos lugares en los que, hasta hoy, no llegaba el servicio de Internet). <\/span><\/p>\n<p><span style=\"font-weight: 400;\">Este es un paso importante hacia la mejora y la eficiencia de las comunicaciones, y una tendencia que viene pisando fuerte. El futuro de las comunicaciones est\u00e1 en la red. <\/span><\/p>\n<p><b>Una nueva era en la comunicaci\u00f3n<\/b><\/p>\n<p><span style=\"font-weight: 400;\">Es importante que este tipo de iniciativas sean consideradas en todos los pa\u00edses porque representan mejoras en todo el servicio de comunicaciones, adem\u00e1s de una importante reducci\u00f3n de costos tanto para las empresas como para el usuario final. <\/span><\/p>\n<p><span style=\"font-weight: 400;\">En Argentina, con la creaci\u00f3n del Punto neutral TEL XP en CABASE estamos avanzando. Contar con un punto de interconexi\u00f3n IP es clave para actualizar, mejorar y modernizar la red que nos comunica para abrirnos a las nuevas oportunidades. Por otro lado, los Nuevos Reglamentos de Interconexi\u00f3n y Servicios TICs marcan un rumbo hacia el avance, las nuevas tecnolog\u00edas y el derecho de los usuarios de tener un servicio moderno y eficiente que funcione y cumpla con sus necesidades. <\/span><span style=\"font-weight: 400;\"><br \/>\n<\/span><span style=\"font-weight: 400;\"><br \/>\n<\/span><span style=\"font-weight: 400;\">Celebramos este tipo de novedades que proponen una evoluci\u00f3n, desaf\u00edos t\u00e9cnicos y la b\u00fasqueda de un mejor servicio para los usuarios. <\/span><\/p>\n<p><strong>NOTAS RELACIONADAS<br \/>\n<\/strong><a href=\"https:\/\/www.llamadaip.com\/blog\/2018\/08\/23\/la-telefonia-de-argentina-interconectada-por-internet\/\" target=\"_blank\"><span style=\"font-weight: 400;\">La telefon\u00eda de Argentina interconectada por Internet<br \/>\n<\/span><\/a><a href=\"https:\/\/www.llamadaip.com\/blog\/2018\/07\/13\/prorroga-a-la-portabilidad-numerica-en-fijos\/\" target=\"_blank\"><span style=\"font-weight: 400;\">Pr\u00f3rroga a la portabilidad num\u00e9rica en fijos<br \/>\n<\/span><\/a><a href=\"https:\/\/www.llamadaip.com\/blog\/2018\/06\/21\/todo-lo-que-tenes-que-saber-sobre-el-nuevo-reglamento-de-servicios-tics\/\" target=\"_blank\"><span style=\"font-weight: 400;\">Todo lo que ten\u00e9s que saber sobre el Nuevo Reglamento de Servicios TICs<\/span><\/a><\/p>\n","protected":false},"excerpt":{"rendered":"<p>A partir de noviembre se dejar\u00e1n de comercializar; y durante el 2023 dejar\u00e1n de realizarse comunicaciones anal\u00f3gicas en Francia. Conoc\u00e9 los detalles de esta iniciativa, la importancia de evolucionar y qu\u00e9 estamos haciendo en Argentina. Hace unas semanas, en Francia se anunci\u00f3 el final de la telefon\u00eda tradicional por cable en ese pa\u00eds que actualmente &hellip; <a href=\"https:\/\/www.llamadaip.com\/blog\/2018\/09\/21\/francia-le-dice-adios-a-la-telefonia-analogica\/\" class=\"more-link\">Continuar leyendo<span class=\"screen-reader-text\"> &#8220;Francia le dice adi\u00f3s a la telefon\u00eda anal\u00f3gica&#8221;<\/span><\/a><\/p>\n","protected":false},"author":1,"featured_media":53,"comment_status":"closed","ping_status":"open","sticky":false,"template":"","format":"standard","meta":{"footnotes":""},"categories":[90],"tags":[9,13,11,6,10,14,12],"class_list":["post-52","post","type-post","status-publish","format-standard","has-post-thumbnail","hentry","category-llamadaip-com","tag-comunicacion","tag-conferencia","tag-global","tag-llamado","tag-mensaje","tag-pyme","tag-telefono"],"_links":{"self":[{"href":"https:\/\/www.llamadaip.com\/blog\/wp-json\/wp\/v2\/posts\/52","targetHints":{"allow":["GET"]}}],"collection":[{"href":"https:\/\/www.llamadaip.com\/blog\/wp-json\/wp\/v2\/posts"}],"about":[{"href":"https:\/\/www.llamadaip.com\/blog\/wp-json\/wp\/v2\/types\/post"}],"author":[{"embeddable":true,"href":"https:\/\/www.llamadaip.com\/blog\/wp-json\/wp\/v2\/users\/1"}],"replies":[{"embeddable":true,"href":"https:\/\/www.llamadaip.com\/blog\/wp-json\/wp\/v2\/comments?post=52"}],"version-history":[{"count":1,"href":"https:\/\/www.llamadaip.com\/blog\/wp-json\/wp\/v2\/posts\/52\/revisions"}],"predecessor-version":[{"id":1331,"href":"https:\/\/www.llamadaip.com\/blog\/wp-json\/wp\/v2\/posts\/52\/revisions\/1331"}],"wp:featuredmedia":[{"embeddable":true,"href":"https:\/\/www.llamadaip.com\/blog\/wp-json\/wp\/v2\/media\/53"}],"wp:attachment":[{"href":"https:\/\/www.llamadaip.com\/blog\/wp-json\/wp\/v2\/media?parent=52"}],"wp:term":[{"taxonomy":"category","embeddable":true,"href":"https:\/\/www.llamadaip.com\/blog\/wp-json\/wp\/v2\/categories?post=52"},{"taxonomy":"post_tag","embeddable":true,"href":"https:\/\/www.llamadaip.com\/blog\/wp-json\/wp\/v2\/tags?post=52"}],"curies":[{"name":"wp","href":"https:\/\/api.w.org\/{rel}","templated":true}]}}