{"id":81,"date":"2018-07-13T16:16:58","date_gmt":"2018-07-13T19:16:58","guid":{"rendered":"http:\/\/www.llamadaip.com\/blog\/?p=2796"},"modified":"2020-02-11T11:19:16","modified_gmt":"2020-02-11T14:19:16","slug":"prorroga-a-la-portabilidad-numerica-en-fijos","status":"publish","type":"post","link":"https:\/\/www.llamadaip.com\/blog\/2018\/07\/13\/prorroga-a-la-portabilidad-numerica-en-fijos\/","title":{"rendered":"Pr\u00f3rroga a la portabilidad num\u00e9rica en fijos"},"content":{"rendered":"<p><span style=\"font-weight: 400; color: #ff9200;\">El Bolet\u00edn oficial public\u00f3 una pr\u00f3rroga de 90 d\u00edas para la implementaci\u00f3n de la primera etapa de la portabilidad num\u00e9rica prevista originalmente para el mes de julio. \u00a1Conoc\u00e9 las novedades!<\/span><\/p>\n<p><span style=\"font-weight: 400;\">Seg\u00fan una Res.1 E\/2017 de la Secretar\u00eda de Tecnolog\u00edas de la Informaci\u00f3n y las Comunicaciones la portabilidad num\u00e9rica en fijos llegar\u00eda en julio de 2018. Sin embargo, durante la \u00faltima semana se public\u00f3 una pr\u00f3rroga de 90 d\u00edas para la implementaci\u00f3n de la etapa 1. <\/span><\/p>\n<p><span style=\"font-weight: 400;\">La resoluci\u00f3n original preve\u00eda la portabilidad en 4 etapas: <\/span><span style=\"font-weight: 400;\">la primera abarca AMBA, C\u00f3rdoba, Mendoza, Rosario y La Plata; la segunda -para diciembre de 2018- corresponde a las ciudades de Mar del Plata, Bah\u00eda Blanca y R\u00edo Cuarto. Las \u00faltimas dos, ser\u00e1n en julio y diciembre de 2019 en localidades con m\u00e1s de 100.000 habitantes en primera instancia y luego, el resto.<\/span><\/p>\n<p><span style=\"font-weight: 400;\">Es importante que este tipo de medidas avancen y se implementen; es un derecho de los usuarios elegir qu\u00e9 tipo de servicio contratar y cu\u00e1l proveedor le brindar\u00e1 ese servicio. Desde Llamada IP alentamos este tipo de iniciativas que promueven una mejora en la calidad de la telefon\u00eda y en la infraestructura que la industria emplea. \u00a0\u00a0<\/span><\/p>\n<p><span style=\"font-weight: 400;\">Si quer\u00e9s leer la resoluci\u00f3n completa, ingres\u00e1 ac\u00e1 <\/span><a href=\"https:\/\/www.boletinoficial.gob.ar\/#!DetalleNorma\/187869\/20180711\" target=\"_blank\"><span style=\"font-weight: 400;\">https:\/\/www.boletinoficial.gob.ar\/#!DetalleNorma\/187869\/20180711<\/span><\/a><\/p>\n<p><strong>NOTAS RELACIONADAS<br \/>\n<\/strong><a href=\"https:\/\/www.llamadaip.com\/blog\/2018\/06\/14\/ya-llega-la-portabilidad-numerica-en-fijos\/\" target=\"_blank\"><span style=\"font-weight: 400;\">Ya llega la portabilidad num\u00e9rica en fijos<br \/>\n<\/span><\/a><a href=\"https:\/\/www.llamadaip.com\/blog\/2017\/12\/16\/ganale-tiempo-a-la-portabilidad-numerica-2\/\" target=\"_blank\"><span style=\"font-weight: 400;\">Ganale tiempo a la portabilidad num\u00e9rica<br \/>\n<\/span><\/a><a href=\"https:\/\/www.llamadaip.com\/blog\/2017\/03\/24\/portabilidad-numerica-tramite-por-internet-y-mas-rapido\/\" target=\"_blank\"><span style=\"font-weight: 400;\">Portabilidad num\u00e9rica: tr\u00e1mite por Internet y m\u00e1s r\u00e1pido<\/span><\/a><\/p>\n","protected":false},"excerpt":{"rendered":"<p>El Bolet\u00edn oficial public\u00f3 una pr\u00f3rroga de 90 d\u00edas para la implementaci\u00f3n de la primera etapa de la portabilidad num\u00e9rica prevista originalmente para el mes de julio. \u00a1Conoc\u00e9 las novedades! Seg\u00fan una Res.1 E\/2017 de la Secretar\u00eda de Tecnolog\u00edas de la Informaci\u00f3n y las Comunicaciones la portabilidad num\u00e9rica en fijos llegar\u00eda en julio de 2018. &hellip; <a href=\"https:\/\/www.llamadaip.com\/blog\/2018\/07\/13\/prorroga-a-la-portabilidad-numerica-en-fijos\/\" class=\"more-link\">Continuar leyendo<span class=\"screen-reader-text\"> &#8220;Pr\u00f3rroga a la portabilidad num\u00e9rica en fijos&#8221;<\/span><\/a><\/p>\n","protected":false},"author":1,"featured_media":82,"comment_status":"closed","ping_status":"open","sticky":false,"template":"","format":"standard","meta":{"footnotes":""},"categories":[90],"tags":[9,13,11,6,10,14,12],"class_list":["post-81","post","type-post","status-publish","format-standard","has-post-thumbnail","hentry","category-llamadaip-com","tag-comunicacion","tag-conferencia","tag-global","tag-llamado","tag-mensaje","tag-pyme","tag-telefono"],"_links":{"self":[{"href":"https:\/\/www.llamadaip.com\/blog\/wp-json\/wp\/v2\/posts\/81","targetHints":{"allow":["GET"]}}],"collection":[{"href":"https:\/\/www.llamadaip.com\/blog\/wp-json\/wp\/v2\/posts"}],"about":[{"href":"https:\/\/www.llamadaip.com\/blog\/wp-json\/wp\/v2\/types\/post"}],"author":[{"embeddable":true,"href":"https:\/\/www.llamadaip.com\/blog\/wp-json\/wp\/v2\/users\/1"}],"replies":[{"embeddable":true,"href":"https:\/\/www.llamadaip.com\/blog\/wp-json\/wp\/v2\/comments?post=81"}],"version-history":[{"count":1,"href":"https:\/\/www.llamadaip.com\/blog\/wp-json\/wp\/v2\/posts\/81\/revisions"}],"predecessor-version":[{"id":1319,"href":"https:\/\/www.llamadaip.com\/blog\/wp-json\/wp\/v2\/posts\/81\/revisions\/1319"}],"wp:featuredmedia":[{"embeddable":true,"href":"https:\/\/www.llamadaip.com\/blog\/wp-json\/wp\/v2\/media\/82"}],"wp:attachment":[{"href":"https:\/\/www.llamadaip.com\/blog\/wp-json\/wp\/v2\/media?parent=81"}],"wp:term":[{"taxonomy":"category","embeddable":true,"href":"https:\/\/www.llamadaip.com\/blog\/wp-json\/wp\/v2\/categories?post=81"},{"taxonomy":"post_tag","embeddable":true,"href":"https:\/\/www.llamadaip.com\/blog\/wp-json\/wp\/v2\/tags?post=81"}],"curies":[{"name":"wp","href":"https:\/\/api.w.org\/{rel}","templated":true}]}}