{"id":85,"date":"2018-06-26T13:55:43","date_gmt":"2018-06-26T16:55:43","guid":{"rendered":"http:\/\/www.llamadaip.com\/blog\/?p=2776"},"modified":"2020-02-11T11:19:09","modified_gmt":"2020-02-11T14:19:09","slug":"llamada-ip-estara-presente-en-electronics-home","status":"publish","type":"post","link":"https:\/\/www.llamadaip.com\/blog\/2018\/06\/26\/llamada-ip-estara-presente-en-electronics-home\/","title":{"rendered":"Llamada IP estar\u00e1 presente en Electronics Home"},"content":{"rendered":"<h3><span style=\"font-weight: 400; color: #ff9200;\">Una nueva oportunidad para intercambiar puntos de vista y visiones con otros actores, adem\u00e1s de mostrar nuestros servicios y productos especiales para solucionar las comunicaciones globales. \u00a1Conoc\u00e9 los detalles del evento!<\/span><\/h3>\n<p><span style=\"font-weight: 400;\">Llamada IP formar\u00e1 parte de la feria internacional<\/span> <a href=\"http:\/\/electronicshomeargentina.com\/home\/\" target=\"_blank\"><b><i>Electronics Home \u2013 Congress &amp; Expo<\/i><\/b><\/a> <span style=\"font-weight: 400;\">que se realizar\u00e1 desde el 30 de julio al 1\u00b0 de agosto de 2018 en el Centro de Exposiciones y Convenciones de la Ciudad de Buenos Aires de 13 a 20 hs. Contaremos con un stand en el que mostraremos nuestras soluciones y servicios especiales para las comunicaciones globales de las familias y empresas. <\/span><\/p>\n<p><b><i>Electronics Home \u2013 Congress &amp; Expo<\/i><\/b><span style=\"font-weight: 400;\"> es la primera y \u00fanica feria comercial enfocada en productos electr\u00f3nicos de consumo, electrodom\u00e9sticos grandes y peque\u00f1os, art\u00edculos para el hogar, audio y video, telefon\u00eda e inform\u00e1tica de Argentina. Se trata de un evento llevado a cabo por el Grupo Eletrolar, que tiene m\u00e1s de 13 a\u00f1os de experiencia en la producci\u00f3n de este evento internacional en Brasil. <\/span><\/p>\n<p><span style=\"font-weight: 400;\">Estas jornadas de exposici\u00f3n buscan acercar a los diferentes actores de las industrias y a los comercios de todos los tama\u00f1os para generar un espacio de intercambios y alianzas para mejorar las relaciones existentes y promover nuevos negocios. Adem\u00e1s, conforma un punto de encuentro de profesionales especializados en electr\u00f3nica de consumo, electrodom\u00e9sticos y peque\u00f1os electros, tel\u00e9fonos celulares e IT. <\/span><\/p>\n<p><span style=\"font-weight: 400;\">Adem\u00e1s, la expo contar\u00e1 con exposiciones, charlas y paneles sobre temas relevantes para todas las industrias como comercio electr\u00f3nico, tendencia en materia de productos, comportamiento y estilo de vida de consumidores y millennials. Para asistir al evento, pod\u00e9s inscribirte gratis ingresando<\/span> <a href=\"http:\/\/electronicshomeargentina.com\/quiero-visitar\/\"><span style=\"font-weight: 400;\">ac\u00e1 <\/span><\/a><span style=\"font-weight: 400;\">y completando el formulario. <\/span><\/p>\n<p><span style=\"font-weight: 400;\">Para Llamada IP, participar de estos eventos importantes es una oportunidad de conocer los proyectos de otros actores dentro de la industria, intercambiar ideas y puntos de vista y dar a conocer nuestros servicios. <\/span><\/p>\n<p><a href=\"http:\/\/electronicshomeargentina.com\/quiero-visitar\/\" target=\"_blank\"><span style=\"font-weight: 400;\">\u00a1Inscribite y visitanos en nuestro stand, te esperamos!<\/span><\/a><\/p>\n<p><strong>Notas relacionadas<br \/>\n<\/strong><a href=\"https:\/\/www.llamadaip.com\/blog\/2018\/05\/18\/estuvimos-en-internet-day-2018\/\" target=\"_blank\"><span style=\"font-weight: 400;\">\u00a1Estuvimos en Internet Day 2018!<br \/>\n<\/span><\/a><a href=\"https:\/\/www.llamadaip.com\/blog\/2017\/07\/24\/estuvimos-en-eletrolar-show-latinoamerica\/\" target=\"_blank\"><span style=\"font-weight: 400;\">Estuvimos en Eletrolar Show Latinoam\u00e9rica<br \/>\n<\/span><\/a><a href=\"https:\/\/www.llamadaip.com\/blog\/2017\/06\/29\/veni-a-la-expointernet-con-llamada-ip\/\" target=\"_blank\"><span style=\"font-weight: 400;\">\u00a1Ven\u00ed a la ExpoInternet con Llamada IP!<\/span><\/a><\/p>\n","protected":false},"excerpt":{"rendered":"<p>Una nueva oportunidad para intercambiar puntos de vista y visiones con otros actores, adem\u00e1s de mostrar nuestros servicios y productos especiales para solucionar las comunicaciones globales. \u00a1Conoc\u00e9 los detalles del evento! Llamada IP formar\u00e1 parte de la feria internacional Electronics Home \u2013 Congress &amp; Expo que se realizar\u00e1 desde el 30 de julio al 1\u00b0 &hellip; <a href=\"https:\/\/www.llamadaip.com\/blog\/2018\/06\/26\/llamada-ip-estara-presente-en-electronics-home\/\" class=\"more-link\">Continuar leyendo<span class=\"screen-reader-text\"> &#8220;Llamada IP estar\u00e1 presente en Electronics Home&#8221;<\/span><\/a><\/p>\n","protected":false},"author":1,"featured_media":86,"comment_status":"closed","ping_status":"open","sticky":false,"template":"","format":"standard","meta":{"footnotes":""},"categories":[90],"tags":[9,13,11,6,10,14,12],"class_list":["post-85","post","type-post","status-publish","format-standard","has-post-thumbnail","hentry","category-llamadaip-com","tag-comunicacion","tag-conferencia","tag-global","tag-llamado","tag-mensaje","tag-pyme","tag-telefono"],"_links":{"self":[{"href":"https:\/\/www.llamadaip.com\/blog\/wp-json\/wp\/v2\/posts\/85","targetHints":{"allow":["GET"]}}],"collection":[{"href":"https:\/\/www.llamadaip.com\/blog\/wp-json\/wp\/v2\/posts"}],"about":[{"href":"https:\/\/www.llamadaip.com\/blog\/wp-json\/wp\/v2\/types\/post"}],"author":[{"embeddable":true,"href":"https:\/\/www.llamadaip.com\/blog\/wp-json\/wp\/v2\/users\/1"}],"replies":[{"embeddable":true,"href":"https:\/\/www.llamadaip.com\/blog\/wp-json\/wp\/v2\/comments?post=85"}],"version-history":[{"count":1,"href":"https:\/\/www.llamadaip.com\/blog\/wp-json\/wp\/v2\/posts\/85\/revisions"}],"predecessor-version":[{"id":1318,"href":"https:\/\/www.llamadaip.com\/blog\/wp-json\/wp\/v2\/posts\/85\/revisions\/1318"}],"wp:featuredmedia":[{"embeddable":true,"href":"https:\/\/www.llamadaip.com\/blog\/wp-json\/wp\/v2\/media\/86"}],"wp:attachment":[{"href":"https:\/\/www.llamadaip.com\/blog\/wp-json\/wp\/v2\/media?parent=85"}],"wp:term":[{"taxonomy":"category","embeddable":true,"href":"https:\/\/www.llamadaip.com\/blog\/wp-json\/wp\/v2\/categories?post=85"},{"taxonomy":"post_tag","embeddable":true,"href":"https:\/\/www.llamadaip.com\/blog\/wp-json\/wp\/v2\/tags?post=85"}],"curies":[{"name":"wp","href":"https:\/\/api.w.org\/{rel}","templated":true}]}}