{"id":883,"date":"2019-06-23T11:41:56","date_gmt":"2019-06-23T14:41:56","guid":{"rendered":"http:\/\/www.llamadaip.com\/blog\/?p=883"},"modified":"2020-02-11T11:29:17","modified_gmt":"2020-02-11T14:29:17","slug":"27-de-junio-dia-de-las-microempresas-y-las-pymes","status":"publish","type":"post","link":"https:\/\/www.llamadaip.com\/blog\/2019\/06\/23\/27-de-junio-dia-de-las-microempresas-y-las-pymes\/","title":{"rendered":"27 de junio: D\u00eda de las Microempresas y las Pymes"},"content":{"rendered":"<h3><span style=\"color: #ff9200;\">En este d\u00eda queremos celebrar el crecimiento de las peque\u00f1as empresas y poner el foco en la importancia de la expansi\u00f3n global.<\/span><\/h3>\n<p>Desde el 2017, cada 27 de junio se celebra -a nivel mundial- el D\u00eda de las Microempresas y las Pymes. Seg\u00fan los datos del Consejo Internacional para la peque\u00f1a empresa de las Naciones Unidas, estas compa\u00f1\u00edas representan m\u00e1s del 90% del total de empresas, generan entre el 60 y el 70% del empleo y son responsables del 50% del Producto Bruto Interno (PBI) a nivel mundial.<\/p>\n<p>En Llamada IP, adem\u00e1s de ser una pyme global, brindamos servicios para que estas peque\u00f1as y medianas empresas puedan proyectar sus negocios al mundo. Ofrecemos llamadas globales que no distinguen fronteras, posibilidad de ampliaci\u00f3n de internos de forma r\u00e1pida y sin barreras geogr\u00e1ficas -especial para aquellas compa\u00f1\u00edas que tienen colaboradores en distintas ciudades-, opciones de preatendedor e IVR, conferencia global para tener llamadas grupales, entre muchos otros beneficios.<\/p>\n<p>Nuestros servicios son personalizados y consideramos la necesidad de cada cliente para armar un servicio a medida que cumpla con todos los requerimientos.<\/p>\n<p>En el D\u00eda de las Microempresas y las Pymes queremos seguir apoyando a estos negocios que sostienen el desarrollo y fomentan la innovaci\u00f3n, para que puedan expandirse globalmente.<\/p>\n<p><strong>NOTAS RELACIONADAS<br \/>\n<\/strong><a href=\"https:\/\/www.llamadaip.com\/blog\/2019\/05\/15\/con-llamada-ip-impulsa-tus-ventas-al-exterior\/\" target=\"_blank\" rel=\"noopener\">Con Llamada IP impuls\u00e1 tus ventas al exterior<\/a><br \/>\n<a href=\"https:\/\/www.llamadaip.com\/blog\/2019\/06\/13\/conoces-todos-los-equipos-de-llamada-ip\/\" target=\"_blank\" rel=\"noopener\">\u00bfConoc\u00e9s todos los equipos de LLamada IP?<\/a><br \/>\n<a href=\"https:\/\/www.llamadaip.com\/blog\/2019\/06\/10\/hace-que-todas-tus-llamadas-sean-locales\/\" target=\"_blank\" rel=\"noopener\">\u00a1Hac\u00e9 que todas tus llamadas sean locales!<\/a><\/p>\n","protected":false},"excerpt":{"rendered":"<p>En este d\u00eda queremos celebrar el crecimiento de las peque\u00f1as empresas y poner el foco en la importancia de la expansi\u00f3n global. Desde el 2017, cada 27 de junio se celebra -a nivel mundial- el D\u00eda de las Microempresas y las Pymes. Seg\u00fan los datos del Consejo Internacional para la peque\u00f1a empresa de las Naciones &hellip; <a href=\"https:\/\/www.llamadaip.com\/blog\/2019\/06\/23\/27-de-junio-dia-de-las-microempresas-y-las-pymes\/\" class=\"more-link\">Continuar leyendo<span class=\"screen-reader-text\"> &#8220;27 de junio: D\u00eda de las Microempresas y las Pymes&#8221;<\/span><\/a><\/p>\n","protected":false},"author":1,"featured_media":889,"comment_status":"closed","ping_status":"closed","sticky":false,"template":"","format":"standard","meta":{"footnotes":""},"categories":[90],"tags":[9,13,11,6,10,14,12],"class_list":["post-883","post","type-post","status-publish","format-standard","has-post-thumbnail","hentry","category-llamadaip-com","tag-comunicacion","tag-conferencia","tag-global","tag-llamado","tag-mensaje","tag-pyme","tag-telefono"],"_links":{"self":[{"href":"https:\/\/www.llamadaip.com\/blog\/wp-json\/wp\/v2\/posts\/883","targetHints":{"allow":["GET"]}}],"collection":[{"href":"https:\/\/www.llamadaip.com\/blog\/wp-json\/wp\/v2\/posts"}],"about":[{"href":"https:\/\/www.llamadaip.com\/blog\/wp-json\/wp\/v2\/types\/post"}],"author":[{"embeddable":true,"href":"https:\/\/www.llamadaip.com\/blog\/wp-json\/wp\/v2\/users\/1"}],"replies":[{"embeddable":true,"href":"https:\/\/www.llamadaip.com\/blog\/wp-json\/wp\/v2\/comments?post=883"}],"version-history":[{"count":2,"href":"https:\/\/www.llamadaip.com\/blog\/wp-json\/wp\/v2\/posts\/883\/revisions"}],"predecessor-version":[{"id":885,"href":"https:\/\/www.llamadaip.com\/blog\/wp-json\/wp\/v2\/posts\/883\/revisions\/885"}],"wp:featuredmedia":[{"embeddable":true,"href":"https:\/\/www.llamadaip.com\/blog\/wp-json\/wp\/v2\/media\/889"}],"wp:attachment":[{"href":"https:\/\/www.llamadaip.com\/blog\/wp-json\/wp\/v2\/media?parent=883"}],"wp:term":[{"taxonomy":"category","embeddable":true,"href":"https:\/\/www.llamadaip.com\/blog\/wp-json\/wp\/v2\/categories?post=883"},{"taxonomy":"post_tag","embeddable":true,"href":"https:\/\/www.llamadaip.com\/blog\/wp-json\/wp\/v2\/tags?post=883"}],"curies":[{"name":"wp","href":"https:\/\/api.w.org\/{rel}","templated":true}]}}