{"id":95,"date":"2018-06-14T14:17:00","date_gmt":"2018-06-14T17:17:00","guid":{"rendered":"http:\/\/www.llamadaip.com\/blog\/?p=2755"},"modified":"2020-02-11T11:18:37","modified_gmt":"2020-02-11T14:18:37","slug":"ya-llega-la-portabilidad-numerica-en-fijos","status":"publish","type":"post","link":"https:\/\/www.llamadaip.com\/blog\/2018\/06\/14\/ya-llega-la-portabilidad-numerica-en-fijos\/","title":{"rendered":"Ya llega la portabilidad num\u00e9rica en fijos"},"content":{"rendered":"<h3><span style=\"font-weight: 400; color: #ff9200;\">En el mes de julio, seg\u00fan la Res.1 E\/2017 de la Secretar\u00eda de Tecnolog\u00edas de la Informaci\u00f3n y las Comunicaciones, entra en vigencia la portabilidad num\u00e9rica en fijos. Te contamos los avances y \u00faltimas novedades.<\/span><\/h3>\n<p><span style=\"font-weight: 400;\">La portabilidad num\u00e9rica es el derecho que tiene el usuario de cambiar de prestador de servicios portables, conservando su n\u00famero tanto geogr\u00e1fico como no geogr\u00e1fico, dentro de la misma \u00e1rea local, de conformidad con las disposiciones del Plan Fundamental de Numeraci\u00f3n Nacional. Es decir, se trata de la posibilidad de cambiar de compa\u00f1\u00eda de telefon\u00eda sin perder tu numeraci\u00f3n.<\/span><\/p>\n<p><span style=\"font-weight: 400;\">Actualmente la portabilidad est\u00e1 vigente para m\u00f3viles, y a partir de julio lo estar\u00e1 para fijos. La portabilidad se llevar\u00e1 a cabo en 4 etapas: la primera abarca AMBA, C\u00f3rdoba, Mendoza, Rosario y La Plata; la segunda -para diciembre de 2018- corresponde a las ciudades de Mar del Plata, Bah\u00eda Blanca y R\u00edo Cuarto. Las \u00faltimas dos, ser\u00e1n en julio y diciembre de 2019 en localidades con m\u00e1s de 100.000 habitantes en primera instancia y luego, el resto.<\/span><\/p>\n<p><span style=\"font-weight: 400;\">Adem\u00e1s, durante los \u00faltimos meses se conform\u00f3 el Comit\u00e9 de Portabilidad Num\u00e9rica (COPON), un espacio que agrupa a todas las compa\u00f1\u00edas de telefon\u00eda para debatir ciertos temas t\u00e9cnicos y metodol\u00f3gicos respecto del proceso de la portabilidad. Nos complace anunciar que muchas empresas de telefon\u00eda ip formaremos parte del COPON mediante la representaci\u00f3n de CABASE como miembro de este grupo. \u00a0<\/span><\/p>\n<p><span style=\"font-weight: 400;\">Las condiciones necesarias para la portabilidad est\u00e1n dadas, y en Llamada IP estamos listos para recibir a clientes que busquen servicios m\u00e1s vers\u00e1tiles y flexibles para crecer a nivel global. <\/span><\/p>\n<p><span style=\"font-weight: 400;\">Hasta ahora, algunos de nuestros clientes ven\u00edan portando su n\u00famero utilizando el servicio de redirecci\u00f3n. Conoc\u00e9 la manera en que lo hac\u00edan<\/span> <a href=\"https:\/\/www.llamadaip.com\/blog\/2017\/12\/16\/ganale-tiempo-a-la-portabilidad-numerica-2\/\" target=\"_blank\"><span style=\"font-weight: 400;\">ac\u00e1<\/span><\/a><span style=\"font-weight: 400;\">. Una vez implementada la portabilidad, no ser\u00e1n necesarias este tipo de operaciones porque todos tendr\u00e1n el derecho de portar su n\u00famero a la empresa que le brinde el \u00a0mejor servicio seg\u00fan sus necesidades. <\/span><\/p>\n<p><span style=\"font-weight: 400;\">Conoc\u00e9 nuestros servicios y port\u00e1 tu n\u00famero a Llamada IP. \u00a1Nosotros, estamos listos!<\/span><\/p>\n<p><strong>NOTAS RELACIONADAS<br \/>\n<\/strong><a href=\"https:\/\/www.llamadaip.com\/blog\/2017\/12\/16\/ganale-tiempo-a-la-portabilidad-numerica-2\/\" target=\"_blank\"><span style=\"font-weight: 400;\">Ganale tiempo a la portabilidad num\u00e9rica<br \/>\n<\/span><\/a><a href=\"https:\/\/www.llamadaip.com\/blog\/2017\/10\/10\/portabilidad-numerica-ahora-en-la-telefonia-fija\/\" target=\"_blank\"><span style=\"font-weight: 400;\">Portabilidad num\u00e9rica, ahora en la telefon\u00eda fija<br \/>\n<\/span><\/a><a href=\"https:\/\/www.llamadaip.com\/blog\/2016\/08\/31\/avances-y-novedades-en-la-portabilidad-numerica\/\" target=\"_blank\"><span style=\"font-weight: 400;\">Avances y novedades en la portabilidad num\u00e9rica<\/span><\/a><\/p>\n","protected":false},"excerpt":{"rendered":"<p>En el mes de julio, seg\u00fan la Res.1 E\/2017 de la Secretar\u00eda de Tecnolog\u00edas de la Informaci\u00f3n y las Comunicaciones, entra en vigencia la portabilidad num\u00e9rica en fijos. Te contamos los avances y \u00faltimas novedades. La portabilidad num\u00e9rica es el derecho que tiene el usuario de cambiar de prestador de servicios portables, conservando su n\u00famero &hellip; <a href=\"https:\/\/www.llamadaip.com\/blog\/2018\/06\/14\/ya-llega-la-portabilidad-numerica-en-fijos\/\" class=\"more-link\">Continuar leyendo<span class=\"screen-reader-text\"> &#8220;Ya llega la portabilidad num\u00e9rica en fijos&#8221;<\/span><\/a><\/p>\n","protected":false},"author":1,"featured_media":96,"comment_status":"closed","ping_status":"open","sticky":false,"template":"","format":"standard","meta":{"footnotes":""},"categories":[90],"tags":[9,13,11,6,10,14,12],"class_list":["post-95","post","type-post","status-publish","format-standard","has-post-thumbnail","hentry","category-llamadaip-com","tag-comunicacion","tag-conferencia","tag-global","tag-llamado","tag-mensaje","tag-pyme","tag-telefono"],"_links":{"self":[{"href":"https:\/\/www.llamadaip.com\/blog\/wp-json\/wp\/v2\/posts\/95","targetHints":{"allow":["GET"]}}],"collection":[{"href":"https:\/\/www.llamadaip.com\/blog\/wp-json\/wp\/v2\/posts"}],"about":[{"href":"https:\/\/www.llamadaip.com\/blog\/wp-json\/wp\/v2\/types\/post"}],"author":[{"embeddable":true,"href":"https:\/\/www.llamadaip.com\/blog\/wp-json\/wp\/v2\/users\/1"}],"replies":[{"embeddable":true,"href":"https:\/\/www.llamadaip.com\/blog\/wp-json\/wp\/v2\/comments?post=95"}],"version-history":[{"count":1,"href":"https:\/\/www.llamadaip.com\/blog\/wp-json\/wp\/v2\/posts\/95\/revisions"}],"predecessor-version":[{"id":1313,"href":"https:\/\/www.llamadaip.com\/blog\/wp-json\/wp\/v2\/posts\/95\/revisions\/1313"}],"wp:featuredmedia":[{"embeddable":true,"href":"https:\/\/www.llamadaip.com\/blog\/wp-json\/wp\/v2\/media\/96"}],"wp:attachment":[{"href":"https:\/\/www.llamadaip.com\/blog\/wp-json\/wp\/v2\/media?parent=95"}],"wp:term":[{"taxonomy":"category","embeddable":true,"href":"https:\/\/www.llamadaip.com\/blog\/wp-json\/wp\/v2\/categories?post=95"},{"taxonomy":"post_tag","embeddable":true,"href":"https:\/\/www.llamadaip.com\/blog\/wp-json\/wp\/v2\/tags?post=95"}],"curies":[{"name":"wp","href":"https:\/\/api.w.org\/{rel}","templated":true}]}}