{"id":953,"date":"2019-09-05T13:18:04","date_gmt":"2019-09-05T16:18:04","guid":{"rendered":"http:\/\/www.llamadaip.com\/blog\/?p=953"},"modified":"2020-02-11T11:30:51","modified_gmt":"2020-02-11T14:30:51","slug":"estuvimos-presentes-en-los-30-anos-de-cabase","status":"publish","type":"post","link":"https:\/\/www.llamadaip.com\/blog\/2019\/09\/05\/estuvimos-presentes-en-los-30-anos-de-cabase\/","title":{"rendered":"Estuvimos presentes en los 30 a\u00f1os de CABASE"},"content":{"rendered":"<h3><span style=\"color: #ff9200;\">El 4 de septiembre se realiz\u00f3 un encuentro para celebrar los 30 a\u00f1os de la C\u00e1mara Argentina de Internet. Llamada IP estuvo presente, te contamos los detalles.<\/span><\/h3>\n<p><iframe loading=\"lazy\" width=\"840\" height=\"630\" src=\"https:\/\/www.youtube.com\/embed\/X_SaggD5bto?feature=oembed\" frameborder=\"0\" allow=\"accelerometer; autoplay; encrypted-media; gyroscope; picture-in-picture\" allowfullscreen><\/iframe><\/p>\n<p>La C\u00e1mara Argentina de Internet -CABASE- celebr\u00f3 sus 30 a\u00f1os de existencia en un evento que cont\u00f3 con m\u00e1s de de 250 participantes de todos los rincones del pa\u00eds, y del que Llamada IP fue parte.<\/p>\n<p>Asistieron al encuentro Andr\u00e9s Ibarra, vicejefe de Gabinete de Ministros; H\u00e9ctor Huici, secretario de Tecnolog\u00edas de la Informaci\u00f3n; Oscar Gonz\u00e1lez, subsecretario de Tecnolog\u00edas de la Informaci\u00f3n; y responsables de la C\u00e1mara de VozIP; C\u00e1mara de cooperativas (Catel);\u00a0 C\u00e1mara Argentina de Cableoperadores e Internet; C\u00e1mara Argentina de Comercio Electr\u00f3nico y TVC; entre otras personalidades destacadas de todo el pa\u00eds.<\/p>\n<p>Por la tarde, se realiz\u00f3 una jornada de conferencias de actualizaci\u00f3n profesional en la que participaron Rosendo Fraga, Juan Carlos de Pablo y Julieta Schulkin. Estos intercambios son fundamentales para mantenernos al d\u00eda de todos los avances y asuntos relevantes de la industria.<\/p>\n<p>Junto a Ignacio Ribeiro, CEO de Llamada IP, asisti\u00f3 al evento Carlos Arguindegui, socio de nuestra empresa, quien form\u00f3 parte de CABASE en la fundaci\u00f3n del IXP de Buenos Aires en 1996, con su empresa Interserver. Para Carlos, tambi\u00e9n, el evento signific\u00f3 un reencuentro con viejos amigos.<\/p>\n<p>Lo que hizo en materia de Internet durante los \u00faltimos a\u00f1os se ha hecho entre todas las empresas, y eso es lo que trasciende. Este evento signific\u00f3 un oportunidad para encontrarse con colegas, con quienes trabajamos d\u00eda a d\u00eda para mejorar los servicios que le ofrecemos a las personas y empresas.<\/p>\n<p>Seguimos creciendo y avanzando.<\/p>\n<p><strong>NOTAS RELACIONADAS<br \/>\n<\/strong><a href=\"https:\/\/www.llamadaip.com\/blog\/2017\/06\/27\/nos-interconectamos-con-cabase\/\" target=\"_blank\" rel=\"noopener\">Nos interconectamos con CABASE<\/a><br \/>\n<a href=\"https:\/\/www.llamadaip.com\/blog\/2018\/03\/13\/somos-socios-n-1-del-punto-de-interconexion-sip-en-cabase\/\" target=\"_blank\" rel=\"noopener\">Somos socios N\u00b0 1 del punto de interconexi\u00f3n SIP en CABASE<\/a><br \/>\n<a href=\"https:\/\/www.llamadaip.com\/blog\/2019\/05\/25\/tel-xp-en-cabase-una-solucion-frente-a-los-desafios-actuales\/\" target=\"_blank\" rel=\"noopener\">TEL XP en CABASE: una soluci\u00f3n frente a los desaf\u00edos actuales<\/a><\/p>\n","protected":false},"excerpt":{"rendered":"<p>El 4 de septiembre se realiz\u00f3 un encuentro para celebrar los 30 a\u00f1os de la C\u00e1mara Argentina de Internet. Llamada IP estuvo presente, te contamos los detalles. La C\u00e1mara Argentina de Internet -CABASE- celebr\u00f3 sus 30 a\u00f1os de existencia en un evento que cont\u00f3 con m\u00e1s de de 250 participantes de todos los rincones del &hellip; <a href=\"https:\/\/www.llamadaip.com\/blog\/2019\/09\/05\/estuvimos-presentes-en-los-30-anos-de-cabase\/\" class=\"more-link\">Continuar leyendo<span class=\"screen-reader-text\"> &#8220;Estuvimos presentes en los 30 a\u00f1os de CABASE&#8221;<\/span><\/a><\/p>\n","protected":false},"author":1,"featured_media":972,"comment_status":"closed","ping_status":"closed","sticky":false,"template":"","format":"standard","meta":{"footnotes":""},"categories":[90],"tags":[9,13,11,6,10,14,12],"class_list":["post-953","post","type-post","status-publish","format-standard","has-post-thumbnail","hentry","category-llamadaip-com","tag-comunicacion","tag-conferencia","tag-global","tag-llamado","tag-mensaje","tag-pyme","tag-telefono"],"_links":{"self":[{"href":"https:\/\/www.llamadaip.com\/blog\/wp-json\/wp\/v2\/posts\/953","targetHints":{"allow":["GET"]}}],"collection":[{"href":"https:\/\/www.llamadaip.com\/blog\/wp-json\/wp\/v2\/posts"}],"about":[{"href":"https:\/\/www.llamadaip.com\/blog\/wp-json\/wp\/v2\/types\/post"}],"author":[{"embeddable":true,"href":"https:\/\/www.llamadaip.com\/blog\/wp-json\/wp\/v2\/users\/1"}],"replies":[{"embeddable":true,"href":"https:\/\/www.llamadaip.com\/blog\/wp-json\/wp\/v2\/comments?post=953"}],"version-history":[{"count":1,"href":"https:\/\/www.llamadaip.com\/blog\/wp-json\/wp\/v2\/posts\/953\/revisions"}],"predecessor-version":[{"id":954,"href":"https:\/\/www.llamadaip.com\/blog\/wp-json\/wp\/v2\/posts\/953\/revisions\/954"}],"wp:featuredmedia":[{"embeddable":true,"href":"https:\/\/www.llamadaip.com\/blog\/wp-json\/wp\/v2\/media\/972"}],"wp:attachment":[{"href":"https:\/\/www.llamadaip.com\/blog\/wp-json\/wp\/v2\/media?parent=953"}],"wp:term":[{"taxonomy":"category","embeddable":true,"href":"https:\/\/www.llamadaip.com\/blog\/wp-json\/wp\/v2\/categories?post=953"},{"taxonomy":"post_tag","embeddable":true,"href":"https:\/\/www.llamadaip.com\/blog\/wp-json\/wp\/v2\/tags?post=953"}],"curies":[{"name":"wp","href":"https:\/\/api.w.org\/{rel}","templated":true}]}}